{"id":2992,"date":"2015-02-09T12:02:20","date_gmt":"2015-02-09T11:02:20","guid":{"rendered":"https:\/\/www.skmisia.ch\/?p=2992"},"modified":"2019-04-08T21:09:16","modified_gmt":"2019-04-08T20:09:16","slug":"pozvanka-pridat-sa-na-mladeznicku-put-po-stopach-dona-bosca","status":"publish","type":"post","link":"https:\/\/www.skmisia.ch\/?p=2992","title":{"rendered":"Pozv\u00e1nka: Pridaj sa na ml\u00e1de\u017en\u00edcku p\u00fa\u0165 &#8222;Po stop\u00e1ch dona Bosca&#8220;!"},"content":{"rendered":"<p>Na\u0161a spriatelen\u00e1 Talianska Misia dona Bosca n\u00e1m pon\u00faka mo\u017enos\u0165 pripoji\u0165 sa ku p\u00fati do Tur\u00edna s n\u00e1zvom &#8222;Po stop\u00e1ch dona Bosca&#8220;. P\u00fa\u0165 je organizovan\u00e1 z pr\u00edle\u017eitosti jubilea 200-ro\u010dnice narodenia dona Bosca. \u00a0Blo\u017e\u0161ie inform\u00e1cie z\u00e1ujemcom poskytne o. Pavol Nizner. Term\u00edn n\u00e1hl\u00e1senia je \u010d\u00edm-sk\u00f4r.<\/p>\n<p><a href=\"https:\/\/www.skmisia.ch\/wp-content\/uploads\/2015\/02\/Image1.jpg\" target=\"_blank\" rel=\"noopener noreferrer\"><img decoding=\"async\" loading=\"lazy\" class=\"size-medium wp-image-2993 alignleft\" alt=\"Image1\" src=\"https:\/\/www.skmisia.ch\/wp-content\/uploads\/2015\/02\/Image1-300x212.jpg\" width=\"300\" height=\"212\" srcset=\"https:\/\/www.skmisia.ch\/wp-content\/uploads\/2015\/02\/Image1-300x212.jpg 300w, https:\/\/www.skmisia.ch\/wp-content\/uploads\/2015\/02\/Image1-1024x724.jpg 1024w\" sizes=\"(max-width: 300px) 100vw, 300px\" \/><\/a><\/p>\n<div dir=\"ltr\">\n<div>Cena: 450<\/div>\n<\/div>\n<div dir=\"ltr\">\n<div>Zobra\u0165 si so sebou:<\/div>\n<\/div>\n<div dir=\"ltr\">\n<div>&#8211; veci osobnej potreby, lieky<\/div>\n<\/div>\n<div dir=\"ltr\">\n<div>&#8211; spaci\u00ed vak<\/div>\n<\/div>\n<div dir=\"ltr\">\n<div>&#8211; nepremokav\u00e1 bunda a dobr\u00e1 mikina<\/div>\n<\/div>\n<div dir=\"ltr\">\n<div>&#8211; pohodln\u00e9 top\u00e1nky<\/div>\n<\/div>\n<div dir=\"ltr\">\n<div>&#8211; such\u00fd obed na podelenie na 1. de\u0148<\/div>\n<\/div>\n<div dir=\"ltr\">\n<div><\/div>\n<\/div>\n<div dir=\"ltr\">\n<div><\/div>\n<div><\/div>\n<div><\/div>\n<div>Po\u017eiadavky:<\/div>\n<p><img decoding=\"async\" loading=\"lazy\" class=\"size-medium wp-image-2994 alignright\" alt=\"Image2\" src=\"https:\/\/www.skmisia.ch\/wp-content\/uploads\/2015\/02\/Image2-300x212.jpg\" width=\"300\" height=\"212\" srcset=\"https:\/\/www.skmisia.ch\/wp-content\/uploads\/2015\/02\/Image2-300x212.jpg 300w, https:\/\/www.skmisia.ch\/wp-content\/uploads\/2015\/02\/Image2-1024x724.jpg 1024w\" sizes=\"(max-width: 300px) 100vw, 300px\" \/><\/div>\n<p dir=\"ltr\"><span style=\"line-height: 1.5em;\">&#8211; Ochota putova\u0165 a z\u00fa\u010dastni\u0165 sa v\u0161etk\u00fdch bodov programu<\/span><\/p>\n<div dir=\"ltr\">\n<p><span style=\"line-height: 1.5em;\">&#8211; \u00da\u010das\u0165 na pr\u00edpravn\u00fdch stretnutiach alebo spoznanie \u017eivotopisu dona Bosca.<\/span><\/p>\n<\/div>\n","protected":false},"excerpt":{"rendered":"<p>Na\u0161a spriatelen\u00e1 Talianska Misia dona Bosca n\u00e1m pon\u00faka mo\u017enos\u0165 pripoji\u0165 sa ku p\u00fati do Tur\u00edna s n\u00e1zvom &#8222;Po stop\u00e1ch dona Bosca&#8220;. P\u00fa\u0165 je organizovan\u00e1 z pr\u00edle\u017eitosti jubilea 200-ro\u010dnice narodenia dona Bosca. \u00a0Blo\u017e\u0161ie inform\u00e1cie z\u00e1ujemcom&#46;&#46;&#46;<\/p>\n","protected":false},"author":3,"featured_media":2993,"comment_status":"open","ping_status":"closed","sticky":false,"template":"","format":"standard","meta":{"ngg_post_thumbnail":0},"categories":[24,1],"tags":[],"_links":{"self":[{"href":"https:\/\/www.skmisia.ch\/index.php?rest_route=\/wp\/v2\/posts\/2992"}],"collection":[{"href":"https:\/\/www.skmisia.ch\/index.php?rest_route=\/wp\/v2\/posts"}],"about":[{"href":"https:\/\/www.skmisia.ch\/index.php?rest_route=\/wp\/v2\/types\/post"}],"author":[{"embeddable":true,"href":"https:\/\/www.skmisia.ch\/index.php?rest_route=\/wp\/v2\/users\/3"}],"replies":[{"embeddable":true,"href":"https:\/\/www.skmisia.ch\/index.php?rest_route=%2Fwp%2Fv2%2Fcomments&post=2992"}],"version-history":[{"count":14,"href":"https:\/\/www.skmisia.ch\/index.php?rest_route=\/wp\/v2\/posts\/2992\/revisions"}],"predecessor-version":[{"id":9333,"href":"https:\/\/www.skmisia.ch\/index.php?rest_route=\/wp\/v2\/posts\/2992\/revisions\/9333"}],"wp:featuredmedia":[{"embeddable":true,"href":"https:\/\/www.skmisia.ch\/index.php?rest_route=\/wp\/v2\/media\/2993"}],"wp:attachment":[{"href":"https:\/\/www.skmisia.ch\/index.php?rest_route=%2Fwp%2Fv2%2Fmedia&parent=2992"}],"wp:term":[{"taxonomy":"category","embeddable":true,"href":"https:\/\/www.skmisia.ch\/index.php?rest_route=%2Fwp%2Fv2%2Fcategories&post=2992"},{"taxonomy":"post_tag","embeddable":true,"href":"https:\/\/www.skmisia.ch\/index.php?rest_route=%2Fwp%2Fv2%2Ftags&post=2992"}],"curies":[{"name":"wp","href":"https:\/\/api.w.org\/{rel}","templated":true}]}}