{"id":2985,"date":"2015-02-03T20:06:52","date_gmt":"2015-02-03T19:06:52","guid":{"rendered":"https:\/\/www.skmisia.ch\/?p=2985"},"modified":"2019-04-08T21:09:16","modified_gmt":"2019-04-08T20:09:16","slug":"slovaci-v-zahranici-pozor-mozete-velmi-vyrazne-ovplyvnit-vysledky-referenda","status":"publish","type":"post","link":"https:\/\/www.skmisia.ch\/?p=2985","title":{"rendered":"\u010eakujeme 944 674x"},"content":{"rendered":"<p>V\u00e1\u017een\u00ed podporovatelia ochrany det\u00ed a rodiny,<br \/>\nDovo\u013ete mi po\u010fakova\u0165 sa V\u00e1m za v\u0161etko, \u010do rob\u00edte pre ochranu det\u00ed a rodiny, naozaj si to ve\u013emi cen\u00edme a vn\u00edmame obrovsk\u00e9 mno\u017estvo pr\u00e1ce, ktor\u00fa \u013eudia po celom Slovensku urobili v posledn\u00fdch t\u00fd\u017ed\u0148och. Ve\u013ek\u00e1 v\u010faka V\u00e1m!<\/p>\n<p>Takmer mili\u00f3n ob\u010danov (944 674) zdvihlo v referende hlas za hodnoty, za rodinu, deti, man\u017eelstvo. To je nev\u00eddan\u00e9, ob\u010dianska spolo\u010dnos\u0165 ukazuje, \u017ee od \u0161t\u00e1tu, politikov chce pro-rodinn\u00e9 politiky a nie predefinovanie rodiny.<br \/>\nV\u00fdsledky \u00c1NO\/NIE hovoria ve\u013emi jasnou re\u010dou &#8211; s\u00fahlasilo s nimi v\u017edy viac ako 90% hlasuj\u00facich:<br \/>\nMan\u017eelstvo je zv\u00e4zok mu\u017ea a \u017eeny &#8211; s\u00fahlas\u00ed 94,50%.<br \/>\nDeti maj\u00fa pr\u00e1vo na otca a mamu v adopcii &#8211; s\u00fahlas\u00ed 92,43%.<br \/>\nRodi\u010dia a deti maj\u00fa pr\u00e1vo odmietnu\u0165 tak\u00fa v\u00fdchovu o sexualite \u010di eutan\u00e1zii, s ktorou nes\u00fahlasia &#8211; s\u00fahlas\u00ed 90,32%.<br \/>\nO t\u00fdch, ktor\u00ed nepri\u0161li hlasova\u0165, nie je mo\u017en\u00e9 poveda\u0165 ni\u010d in\u00e9, iba \u017ee nevyjadrili svoj n\u00e1zor.<\/p>\n<p>\u010eakujeme tis\u00edcom dobrovo\u013en\u00edkov, st\u00e1tis\u00edcom hlasuj\u00facich ob\u010danov, ktor\u00ed nepod\u013eahli obrovskej antikampani, ak\u00fa Slovensko nepam\u00e4t\u00e1. Referendum ako najdemokratickej\u0161\u00ed n\u00e1stroj s legitimitou potvrdenou \u00dastavn\u00fdm s\u00fadom zameran\u00e9 na pr\u00e1va det\u00ed a rodinu, bolo zatl\u00e1\u010dan\u00e9 do polohy nen\u00e1vistn\u00e9ho, \u010do sme opakovane odmietali a vyz\u00fdvali na slu\u0161n\u00fa argumenta\u010dn\u00fa diskusiu s \u00factou ku v\u0161etk\u00fdm \u013eu\u010fom. N\u00e1zorov\u00ed oponenti odmietli verejnosti vysvet\u013eova\u0165 svoje postoje, pri\u010dom nikto nevyvr\u00e1til, \u017ee pre die\u0165a je najlep\u0161ie vyrasta\u0165 s otcom a mamou, \u017ee rodi\u010dia maj\u00fa pr\u00e1vo rozhodova\u0165 o v\u00fdchove ich det\u00ed v int\u00edmnej oblasti.<\/p>\n<p>Kampa\u0148 priniesla mnoh\u00e9 zistenia o na\u0161ej spolo\u010dnosti a demokracii na Slovensku, z ktor\u00fdch si treba zobra\u0165 ponau\u010denie:<br \/>\n&#8211; politici mali mo\u017enos\u0165 uk\u00e1za\u0165, ak\u00e9 hodnoty vyzn\u00e1vaj\u00fa a my ob\u010dania sa na z\u00e1klade toho m\u00f4\u017eeme nielen o rok rozhodova\u0165, kto n\u00e1s bude zastupova\u0165.<br \/>\n&#8211; m\u00e9di\u00e1 si \u017eia\u013e neplnili \u00falohu sprostredkovate\u013eov diskusie, ale \u010dasto st\u00e1li na strane oponuj\u00facej referendu &#8211; legit\u00edmnemu hlasovaniu ob\u010danov o hodnot\u00e1ch, ktor\u00e9 chc\u00fa odovzda\u0165 svojim de\u0165om.<br \/>\n&#8211; t\u00ed, ktor\u00ed ve\u013emi \u010dasto slobodu pou\u017e\u00edvaj\u00fa ako fr\u00e1zu tentokr\u00e1t diskusiu a slobodu vyjadrenia n\u00e1zoru odmietali a spochyb\u0148ovali.<\/p>\n<p>Kie\u017e by sme mohli osobne po\u010fakova\u0165 ka\u017ed\u00e9mu, kto nepod\u013eahol \u0161\u00edren\u00e9mu strachu a pri\u0161iel vyjadri\u0165 svoj n\u00e1zor. Ke\u010f\u017ee to asi nebude mo\u017en\u00e9, tak aspo\u0148 takto e\u0161te raz \u010eAKUJEME.<\/p>\n<p>Aliancia za rodinu ako ob\u010dianska iniciat\u00edva podporovan\u00e1 viac ako 140 organiz\u00e1ciami a nespo\u010detn\u00fdm mno\u017estvom jednotlivcov, ktor\u00ed denne pom\u00e1haj\u00fa rodin\u00e1m, ml\u00e1de\u017ei, opusten\u00fdm \u010di chor\u00fdm a star\u0161\u00edm \u013eu\u010fom, bude na\u010falej \u017eiada\u0165, aby rodina bola v centre v\u0161etk\u00fdch polit\u00edk.<\/p>\n<p>\u010eAKUJEME e\u0161te raz a\u00a0 IDEME \u010eALEJ :o)<br \/>\nTOM\u00c1\u0160 KOV\u00c1\u010cIK<br \/>\nAliancia za rodinu<\/p>\n","protected":false},"excerpt":{"rendered":"<p>V\u00e1\u017een\u00ed podporovatelia ochrany det\u00ed a rodiny, Dovo\u013ete mi po\u010fakova\u0165 sa V\u00e1m za v\u0161etko, \u010do rob\u00edte pre ochranu det\u00ed a rodiny, naozaj si to ve\u013emi cen\u00edme a vn\u00edmame obrovsk\u00e9 mno\u017estvo pr\u00e1ce, ktor\u00fa \u013eudia po celom&#46;&#46;&#46;<\/p>\n","protected":false},"author":3,"featured_media":2956,"comment_status":"open","ping_status":"closed","sticky":false,"template":"","format":"standard","meta":{"ngg_post_thumbnail":0},"categories":[24,1],"tags":[],"_links":{"self":[{"href":"https:\/\/www.skmisia.ch\/index.php?rest_route=\/wp\/v2\/posts\/2985"}],"collection":[{"href":"https:\/\/www.skmisia.ch\/index.php?rest_route=\/wp\/v2\/posts"}],"about":[{"href":"https:\/\/www.skmisia.ch\/index.php?rest_route=\/wp\/v2\/types\/post"}],"author":[{"embeddable":true,"href":"https:\/\/www.skmisia.ch\/index.php?rest_route=\/wp\/v2\/users\/3"}],"replies":[{"embeddable":true,"href":"https:\/\/www.skmisia.ch\/index.php?rest_route=%2Fwp%2Fv2%2Fcomments&post=2985"}],"version-history":[{"count":4,"href":"https:\/\/www.skmisia.ch\/index.php?rest_route=\/wp\/v2\/posts\/2985\/revisions"}],"predecessor-version":[{"id":2991,"href":"https:\/\/www.skmisia.ch\/index.php?rest_route=\/wp\/v2\/posts\/2985\/revisions\/2991"}],"wp:featuredmedia":[{"embeddable":true,"href":"https:\/\/www.skmisia.ch\/index.php?rest_route=\/wp\/v2\/media\/2956"}],"wp:attachment":[{"href":"https:\/\/www.skmisia.ch\/index.php?rest_route=%2Fwp%2Fv2%2Fmedia&parent=2985"}],"wp:term":[{"taxonomy":"category","embeddable":true,"href":"https:\/\/www.skmisia.ch\/index.php?rest_route=%2Fwp%2Fv2%2Fcategories&post=2985"},{"taxonomy":"post_tag","embeddable":true,"href":"https:\/\/www.skmisia.ch\/index.php?rest_route=%2Fwp%2Fv2%2Ftags&post=2985"}],"curies":[{"name":"wp","href":"https:\/\/api.w.org\/{rel}","templated":true}]}}