{"id":2983,"date":"2015-09-12T09:00:33","date_gmt":"2015-09-12T08:00:33","guid":{"rendered":"https:\/\/www.skmisia.ch\/?p=2983"},"modified":"2019-04-08T21:09:15","modified_gmt":"2019-04-08T20:09:15","slug":"oznamy-na-4-nedelu","status":"publish","type":"post","link":"https:\/\/www.skmisia.ch\/?p=2983","title":{"rendered":"Oznamy na 24. nede\u013eu v obdob\u00ed cez rok"},"content":{"rendered":"<p align=\"center\"><span style=\"color: #000000;\"><b>SLOVENSK<\/b><b>\u00c1 KATOL\u00cdCKA MISIA, BRAUERSTRA<\/b><b>SSe<\/b><b>\u00a0<\/b><b>99; 8004 Z\u00dcRICH<\/b><b><\/b><\/span><\/p>\n<p align=\"center\"><span style=\"color: #000000;\"><b>T\/F: 0041 44 241 50 22<\/b><b><\/b><\/span><\/p>\n<div align=\"center\">\n<hr align=\"center\" size=\"2\" width=\"100%\" \/>\n<\/div>\n<p><span style=\"color: #000000;\">\u00a0<\/span><\/p>\n<p><span style=\"color: #000000;\">Oznamy na 24. nede\u013eu v obdob\u00ed cez rok-.<\/span><span style=\"color: #000000;\">\u00a0<\/span><\/p>\n<p><span style=\"color: #000000;\">Liturgick\u00fd kalend\u00e1r:<\/span><\/p>\n<p><span style=\"color: #000000;\">\u00a0<\/span><\/p>\n<p><span style=\"color: #000000;\">V pondelok je sviatok pov\u00fd\u0161enia sv. kr\u00ed\u017ea.<\/span><\/p>\n<p><span style=\"color: #000000;\">V utorok je sl\u00e1vnos\u0165 Sedembolestnej Panny M\u00e1rie, patr\u00f3nky Slovenska.<\/span><\/p>\n<p><span style=\"color: #000000;\">V stredu je spomienka sv. Korn\u00e9lia, p\u00e1pe\u017ee a Cypri\u00e1na, biskupa, mu\u010den\u00edkov.<\/span><\/p>\n<p><span style=\"color: #000000;\">V sobotu je \u013eubovoln\u00e1 spomienka sv. Janu\u00e1ra, biskupa a mu\u010den\u00edka.<\/span><\/p>\n<p><span style=\"color: #000000;\">Bud\u00faca nede\u013ea je 25. \u00a0Nede\u013ea v obdob\u00ed cez rok.<\/span><\/p>\n<p><span style=\"color: #000000;\">\u00a0<\/span><\/p>\n<p><span style=\"color: #000000;\">V stredu bude sv. om\u0161a o 20:00 v kostole sv. J\u00e1na Bosca na Talianskej misii. Stretnutie spevokolu je \u00bd hodimu pred sv. om\u0161ou.<\/span><\/p>\n<p><span style=\"color: #000000;\">\u00a0<\/span><\/p>\n<p><span style=\"color: #000000;\">Vo \u0161tvrtok bude \u0161portov\u00fd kr\u00fa\u017eok.<\/span><\/p>\n<p><span style=\"color: #000000;\">V\u00a0piatok je mo\u017enos\u0165 ml\u00e1de\u017en\u00edckeho stretnutia o\u00a020:00 na Talianskej misii.<\/span><\/p>\n<p><span style=\"color: #000000;\">\u00a0<\/span><\/p>\n<p><span style=\"color: #000000;\">&#8211;\u00a0\u00a0\u00a0\u00a0\u00a0 Rodinn\u00fd v\u00fdlet 3.10. 2015<\/span><\/p>\n<p><span style=\"color: #000000;\">&#8211;\u00a0\u00a0\u00a0\u00a0\u00a0 Najbli\u017e\u0161ia detsk\u00e1 sv. om\u0161a bude 4. 10. o\u00a011:30<\/span><\/p>\n<p><span style=\"color: #000000;\">\u00a0<\/span><\/p>\n<p><span style=\"color: #000000;\">1. \u00daprimne V\u00e1m \u010fakujem za V\u00e1\u0161u hojn\u00fa \u00fa\u010das\u0165 na p\u00fati v\u00a0Einsiedelne, zapojenie, pr\u00edpravu a\u00a0po\u017ei\u010diavanie krojov, mini\u0161trovanie, sprievod, v\u0161estrann\u00fa pomoc a\u00a0pr\u00edklad \u017eivej viery v\u00a0podobe n\u00e1bo\u017en\u00fdch a\u00a0hojn\u00fdch sv. spoved\u00ed.<\/span><\/p>\n<p><span style=\"color: #000000;\">\u00a0<\/span><span style=\"color: #000000;\">2. Ml\u00e1de\u017e, ktor\u00e1 sa prihl\u00e1sila v novom \u0161kolskom roku na\u00a0pr\u00edpravu na Birmovku bude ma\u0165 prv\u00e9 \u00favodn\u00e9 stretnutie dnes po sv. om\u0161i v\u00a0Miestnosti A.<\/span><\/p>\n<p><span style=\"color: #000000;\">\u00a0<\/span><span style=\"color: #000000;\">3. Dospel\u00ed, ktor\u00ed sa prihl\u00e1sili v v\u00a0novom \u0161kolskom roku na\u00a0pr\u00edpravu ku sviatostiam \u00a0(Birmovku) bud\u00fa ma\u0165 prv\u00e9 \u00favodn\u00e9 stretnutie na bud\u00facu\u00a0nede\u013eu 20.9. po nede\u013enej sv. om\u0161i v\u00a0Miestnosti A.<\/span><\/p>\n<p><span style=\"color: #000000;\">\u00a0<\/span><span style=\"color: #000000;\">4. Drah\u00ed veriaci, dnes po sv. om\u0161i sme pozvan\u00ed na k\u00e1vu. K\u00e1vu pripravuje: JK +,&#8230;.<\/span><\/p>\n<p><span style=\"color: #000000;\">\u010eakujeme aj t\u00fdm, \u010do sa ochotne zap\u00edsali na slu\u017ebu. Asi polovica sa v\u0161ak nezapojila a\u00a0je potrebn\u00e9 e\u0161te pokry\u0165 najm\u00e4 mesiac december. Ver\u00edm, \u017ee to neodignorujeme, ale dnes e\u0161te dobehneme, kto sa nestihol zap\u00edsa\u0165. Pri k\u00e1ve bude zoznam, nezabudnite sa zap\u00edsa\u0165. V\u010faka za porozumenie.<\/span><\/p>\n","protected":false},"excerpt":{"rendered":"<p>SLOVENSK\u00c1 KATOL\u00cdCKA MISIA, BRAUERSTRASSe\u00a099; 8004 Z\u00dcRICH T\/F: 0041 44 241 50 22 \u00a0 Oznamy na 24. nede\u013eu v obdob\u00ed cez rok-.\u00a0 Liturgick\u00fd kalend\u00e1r: \u00a0 V pondelok je sviatok pov\u00fd\u0161enia sv. kr\u00ed\u017ea. V utorok je&#46;&#46;&#46;<\/p>\n","protected":false},"author":3,"featured_media":4054,"comment_status":"open","ping_status":"closed","sticky":false,"template":"","format":"standard","meta":{"ngg_post_thumbnail":0},"categories":[24,1],"tags":[],"_links":{"self":[{"href":"https:\/\/www.skmisia.ch\/index.php?rest_route=\/wp\/v2\/posts\/2983"}],"collection":[{"href":"https:\/\/www.skmisia.ch\/index.php?rest_route=\/wp\/v2\/posts"}],"about":[{"href":"https:\/\/www.skmisia.ch\/index.php?rest_route=\/wp\/v2\/types\/post"}],"author":[{"embeddable":true,"href":"https:\/\/www.skmisia.ch\/index.php?rest_route=\/wp\/v2\/users\/3"}],"replies":[{"embeddable":true,"href":"https:\/\/www.skmisia.ch\/index.php?rest_route=%2Fwp%2Fv2%2Fcomments&post=2983"}],"version-history":[{"count":36,"href":"https:\/\/www.skmisia.ch\/index.php?rest_route=\/wp\/v2\/posts\/2983\/revisions"}],"predecessor-version":[{"id":4233,"href":"https:\/\/www.skmisia.ch\/index.php?rest_route=\/wp\/v2\/posts\/2983\/revisions\/4233"}],"wp:featuredmedia":[{"embeddable":true,"href":"https:\/\/www.skmisia.ch\/index.php?rest_route=\/wp\/v2\/media\/4054"}],"wp:attachment":[{"href":"https:\/\/www.skmisia.ch\/index.php?rest_route=%2Fwp%2Fv2%2Fmedia&parent=2983"}],"wp:term":[{"taxonomy":"category","embeddable":true,"href":"https:\/\/www.skmisia.ch\/index.php?rest_route=%2Fwp%2Fv2%2Fcategories&post=2983"},{"taxonomy":"post_tag","embeddable":true,"href":"https:\/\/www.skmisia.ch\/index.php?rest_route=%2Fwp%2Fv2%2Ftags&post=2983"}],"curies":[{"name":"wp","href":"https:\/\/api.w.org\/{rel}","templated":true}]}}