{"id":2951,"date":"2015-01-25T16:18:23","date_gmt":"2015-01-25T15:18:23","guid":{"rendered":"https:\/\/www.skmisia.ch\/?p=2951"},"modified":"2019-04-08T21:09:16","modified_gmt":"2019-04-08T20:09:16","slug":"oznamy-na-3-nedelu","status":"publish","type":"post","link":"https:\/\/www.skmisia.ch\/?p=2951","title":{"rendered":"Oznamy na 3. Nede\u013eu"},"content":{"rendered":"<p align=\"center\">SLOVENSK\u00c1 KATOL\u00cdCKA MISIA, BRAUERSTRASSe\u00a099; 8004 ZURICH;<\/p>\n<p align=\"center\">T\/F: 0041 44 241 50 22<\/p>\n<div align=\"center\">\n<hr align=\"center\" size=\"2\" width=\"100%\" \/>\n<\/div>\n<p>&nbsp;<\/p>\n<p>Oznamy na 3. Nede\u013eu v cezro\u010dnom obdob\u00ed.<\/p>\n<p>Liturgick\u00fd kalend\u00e1r:<\/p>\n<p><span style=\"line-height: 1.5em;\">V pondelok je spomienka sv. Timotea a T\u00edta, biskupov<\/span><\/p>\n<p>V stredu je spomienka sv. Tom\u00e1\u0161a Akvinsk\u00e9ho, k\u0148aza a u\u010dite\u013ea Cirkvi.<\/p>\n<p>V sobotu je spomienka sv. J\u00e1na Bosca, k\u0148aza.<\/p>\n<p>Bud\u00faca nede\u013ea je 4. Nede\u013ea v cezro\u010dnom obdob\u00ed.<\/p>\n<p>&nbsp;<\/p>\n<p>Program sv. om\u0161\u00ed po\u010das t\u00fd\u017ed\u0148a:<\/p>\n<p><b style=\"line-height: 1.5em;\">Streda sv. om\u0161a o 20:00<\/b><span style=\"line-height: 1.5em;\"> na Talianskej misii- poz\u00fdvame si zaspieva\u0165 do spevokolu 31.min pred sv. om\u0161ou.<\/span><\/p>\n<p>1. Po sv. om\u0161i je Katechizmus pre deti (2. a 4. Nede\u013ea v mesiaci). Nech ma pr\u00eddu pozdravi\u0165 po sv. om\u0161i do sakristie.<\/p>\n<p>2. V sobotu salezi\u00e1nska rodina sl\u00e1vi sviatok svojho zakladate\u013ea sv. J\u00e1na Bosca. Program za\u010dne pr\u00edpravn\u00fdm trojdn\u00edm od stredy 28.1. Sl\u00e1vnostn\u00e1 sv. om\u0161a bude bud\u00facu nede\u013eu 1.2. o 11.00 za \u00fa\u010dasti o. Biskupa Vitusa. V\u0161etci sme srde\u010dne pozvan\u00ed na t\u00fato sl\u00e1vnos\u0165.<\/p>\n<p>3. Bud\u00facu nede\u013eu by som sa chcel pripojit ku oslave dona Bosca po sv. om\u0161i. Budem teda spoveda\u0165 len pred sv. om\u0161ou.<\/p>\n<p>4. Na na\u0161om webe n\u00e1jdete: deviatnik k DB a program sl\u00e1vnosti.<\/p>\n<p>5. Stretnutia a \u0161porty v t\u00fd\u017edni s\u00fa ako obvykle.<\/p>\n<p>6. Pri v\u00fdchode z kostola si e\u0161te m\u00f4\u017eete vzia\u0165 &#8211; stde\u010dn\u00e9 pozvanie na Rodinn\u00fd v\u00edkend. (akcia do 31.1.)<\/p>\n<p>7. Info Karneval + Fa\u0161iangy.<\/p>\n<p>Po sv. om\u0161i ador\u00e1cia za rodiny. A mo\u017enos\u0165 k\u00e1vy.<\/p>\n","protected":false},"excerpt":{"rendered":"<p>SLOVENSK\u00c1 KATOL\u00cdCKA MISIA, BRAUERSTRASSe\u00a099; 8004 ZURICH; T\/F: 0041 44 241 50 22 &nbsp; Oznamy na 3. Nede\u013eu v cezro\u010dnom obdob\u00ed. Liturgick\u00fd kalend\u00e1r: V pondelok je spomienka sv. Timotea a T\u00edta, biskupov V stredu je&#46;&#46;&#46;<\/p>\n","protected":false},"author":3,"featured_media":459,"comment_status":"open","ping_status":"closed","sticky":false,"template":"","format":"standard","meta":{"ngg_post_thumbnail":0},"categories":[24,1],"tags":[],"_links":{"self":[{"href":"https:\/\/www.skmisia.ch\/index.php?rest_route=\/wp\/v2\/posts\/2951"}],"collection":[{"href":"https:\/\/www.skmisia.ch\/index.php?rest_route=\/wp\/v2\/posts"}],"about":[{"href":"https:\/\/www.skmisia.ch\/index.php?rest_route=\/wp\/v2\/types\/post"}],"author":[{"embeddable":true,"href":"https:\/\/www.skmisia.ch\/index.php?rest_route=\/wp\/v2\/users\/3"}],"replies":[{"embeddable":true,"href":"https:\/\/www.skmisia.ch\/index.php?rest_route=%2Fwp%2Fv2%2Fcomments&post=2951"}],"version-history":[{"count":1,"href":"https:\/\/www.skmisia.ch\/index.php?rest_route=\/wp\/v2\/posts\/2951\/revisions"}],"predecessor-version":[{"id":2952,"href":"https:\/\/www.skmisia.ch\/index.php?rest_route=\/wp\/v2\/posts\/2951\/revisions\/2952"}],"wp:featuredmedia":[{"embeddable":true,"href":"https:\/\/www.skmisia.ch\/index.php?rest_route=\/wp\/v2\/media\/459"}],"wp:attachment":[{"href":"https:\/\/www.skmisia.ch\/index.php?rest_route=%2Fwp%2Fv2%2Fmedia&parent=2951"}],"wp:term":[{"taxonomy":"category","embeddable":true,"href":"https:\/\/www.skmisia.ch\/index.php?rest_route=%2Fwp%2Fv2%2Fcategories&post=2951"},{"taxonomy":"post_tag","embeddable":true,"href":"https:\/\/www.skmisia.ch\/index.php?rest_route=%2Fwp%2Fv2%2Ftags&post=2951"}],"curies":[{"name":"wp","href":"https:\/\/api.w.org\/{rel}","templated":true}]}}