{"id":2937,"date":"2015-01-22T15:04:14","date_gmt":"2015-01-22T14:04:14","guid":{"rendered":"https:\/\/www.skmisia.ch\/?p=2937"},"modified":"2019-04-08T21:09:16","modified_gmt":"2019-04-08T20:09:16","slug":"novena-ku-sviatku-dona-bosca","status":"publish","type":"post","link":"https:\/\/www.skmisia.ch\/?p=2937","title":{"rendered":"Nov\u00e9na ku sviatku dona Bosca"},"content":{"rendered":"<p>&nbsp;<\/p>\n<p>Nov\u00e9nu k don Boscovi sa m\u00f4\u017eete modli\u0165 na t\u00fdchto odkazoch:<\/p>\n<p><a href=\"http:\/\/www.3horky.sk\" target=\"_blank\" rel=\"noopener noreferrer\">Nov\u00e9na ku sviatku dona Bosca<\/a><\/p>\n<p><a href=\"http:\/\/www.saleziani.sk\/\" target=\"_blank\" rel=\"noopener noreferrer\">http:\/\/www.saleziani.sk\/<\/a><\/p>\n<p><a href=\"https:\/\/www.skmisia.ch\/wp-content\/uploads\/2015\/01\/Izold.jpg\"><img decoding=\"async\" loading=\"lazy\" class=\" wp-image-2938 alignleft\" alt=\"Izold\" src=\"https:\/\/www.skmisia.ch\/wp-content\/uploads\/2015\/01\/Izold-253x300.jpg\" width=\"177\" height=\"210\" srcset=\"https:\/\/www.skmisia.ch\/wp-content\/uploads\/2015\/01\/Izold-253x300.jpg 253w, https:\/\/www.skmisia.ch\/wp-content\/uploads\/2015\/01\/Izold.jpg 510w\" sizes=\"(max-width: 177px) 100vw, 177px\" \/><\/a>Drah\u00ed \u010dlenovia salezi\u00e1nskej rodiny,<\/p>\n<p>mil\u00ed mlad\u00ed a v\u0161etci priatelia dona Bosca pod Tatrami. V sobotu 16. augusta na Colle Don Bosco za\u010dal jubilejn\u00fd salezi\u00e1nsky rok dvojst\u00e9ho v\u00fdro\u010dia narodenia sv\u00e4t\u00e9ho J\u00e1na Bosca. Pripome\u0148me si v tieto dni, \u017ee P\u00e1n n\u00e1m dal dona Bosca za otca a u\u010dite\u013ea. A on neurobil krok, nepovedal slovo a nepodnikol ni\u010d, \u010do by nesmerovalo k z\u00e1chrane ml\u00e1de\u017ee. Pod\u013ea svojho hesla: Daj mi du\u0161e, ostatn\u00e9 si vezmi.<\/p>\n<p>Prajem n\u00e1m v\u0161etk\u00fdm, aby sme sa pozerali na dona Bosca ako na otca a u\u010dite\u013ea. Nech je st\u00e1le viac na\u0161im otcom a nech je st\u00e1le viac na\u0161im u\u010dite\u013eom \u2013 na ceste s mlad\u00fdmi a pre mlad\u00fdch, za Kristom.<br \/>\nZo srdca to \u017eel\u00e1m salezi\u00e1nskej rodine, mlad\u00fdm i v\u0161etk\u00fdm priate\u013eom tohto sv\u00e4t\u00e9ho priate\u013ea mlad\u00fdch.<\/p>\n<p><em>V\u00e1\u0161 Jozef I\u017eold, provinci\u00e1l<\/em><\/p>\n","protected":false},"excerpt":{"rendered":"<p>&nbsp; Nov\u00e9nu k don Boscovi sa m\u00f4\u017eete modli\u0165 na t\u00fdchto odkazoch: Nov\u00e9na ku sviatku dona Bosca http:\/\/www.saleziani.sk\/ Drah\u00ed \u010dlenovia salezi\u00e1nskej rodiny, mil\u00ed mlad\u00ed a v\u0161etci priatelia dona Bosca pod Tatrami. V sobotu 16. augusta&#46;&#46;&#46;<\/p>\n","protected":false},"author":3,"featured_media":2949,"comment_status":"open","ping_status":"closed","sticky":false,"template":"","format":"video","meta":{"ngg_post_thumbnail":0},"categories":[24,1],"tags":[],"_links":{"self":[{"href":"https:\/\/www.skmisia.ch\/index.php?rest_route=\/wp\/v2\/posts\/2937"}],"collection":[{"href":"https:\/\/www.skmisia.ch\/index.php?rest_route=\/wp\/v2\/posts"}],"about":[{"href":"https:\/\/www.skmisia.ch\/index.php?rest_route=\/wp\/v2\/types\/post"}],"author":[{"embeddable":true,"href":"https:\/\/www.skmisia.ch\/index.php?rest_route=\/wp\/v2\/users\/3"}],"replies":[{"embeddable":true,"href":"https:\/\/www.skmisia.ch\/index.php?rest_route=%2Fwp%2Fv2%2Fcomments&post=2937"}],"version-history":[{"count":6,"href":"https:\/\/www.skmisia.ch\/index.php?rest_route=\/wp\/v2\/posts\/2937\/revisions"}],"predecessor-version":[{"id":9335,"href":"https:\/\/www.skmisia.ch\/index.php?rest_route=\/wp\/v2\/posts\/2937\/revisions\/9335"}],"wp:featuredmedia":[{"embeddable":true,"href":"https:\/\/www.skmisia.ch\/index.php?rest_route=\/wp\/v2\/media\/2949"}],"wp:attachment":[{"href":"https:\/\/www.skmisia.ch\/index.php?rest_route=%2Fwp%2Fv2%2Fmedia&parent=2937"}],"wp:term":[{"taxonomy":"category","embeddable":true,"href":"https:\/\/www.skmisia.ch\/index.php?rest_route=%2Fwp%2Fv2%2Fcategories&post=2937"},{"taxonomy":"post_tag","embeddable":true,"href":"https:\/\/www.skmisia.ch\/index.php?rest_route=%2Fwp%2Fv2%2Ftags&post=2937"}],"curies":[{"name":"wp","href":"https:\/\/api.w.org\/{rel}","templated":true}]}}