{"id":2928,"date":"2015-01-27T10:22:56","date_gmt":"2015-01-27T09:22:56","guid":{"rendered":"https:\/\/www.skmisia.ch\/?p=2928"},"modified":"2019-04-08T21:09:16","modified_gmt":"2019-04-08T20:09:16","slug":"referendum-pribeh-parkerovcov","status":"publish","type":"post","link":"https:\/\/www.skmisia.ch\/?p=2928","title":{"rendered":"Referendum &#8211; deviatnik"},"content":{"rendered":"<h5><span style=\"color: #3366ff;\">L\u00e1ska matiek prem\u00e1ha svet<\/span><\/h5>\n<p>Mil\u00e9 mamy z Modlitieb matiek, poz\u00fdvame v\u00e1s k deviatniku za Slovensko \u2013 <strong>od \u0161tvrtku 29. janu\u00e1ra do piatku 6. febru\u00e1ra 2015<\/strong>. Budeme sa modli\u0165 \u013eubovo\u013en\u00fd deviatnik, kto ak\u00fd chce. Podobne, ako to rob\u00edme v\u017edy pred stretnut\u00edm vo Svite. Ka\u017ed\u00e1 z n\u00e1s si m\u00f4\u017ee vybra\u0165 <strong>jeden de\u0148 p\u00f4stu<\/strong>. Budeme sa kaja\u0165 a odprosova\u0165, ako n\u00e1s vyz\u00fdva prorok Joel 2, 12 &#8211; 18. Pozvime k tomuto deviatniku aj na\u0161e deti, na\u0161ich stark\u00fdch a na\u0161ich k\u0148azov.<\/p>\n<h5><span style=\"color: #3366ff;\">Ot\u010de, modl\u00edme sa za REFERENDUM. Pros\u00edme, vylej svojho Ducha na svoj \u013eud a daruj n\u00e1m nov\u00fd obraz tvojej sl\u00e1vy, nov\u00fa sk\u00fasenos\u0165 s tvojou mocou, nov\u00fa plnos\u0165 viery v tvoje Slovo a nov\u00e9 zasv\u00e4tenie sa tvojej slu\u017ebe, aby tvoja l\u00e1ska r\u00e1stla medzi nami a tvoje kr\u00e1\u013eovstvo pri\u0161lo k n\u00e1m. Ver\u00edme, Ot\u010de, \u017ee n\u00e1s ochr\u00e1ni\u0161 pred \u00fakladmi diabla, ktor\u00fd chce zni\u010di\u0165 tvoje pl\u00e1ny a \u00famysly. Vyhlasujeme \u0165a za P\u00e1na na\u0161ich \u017eivotov. Nech sa stane tvoja v\u00f4\u013ea. Amen.<\/span><\/h5>\n<p style=\"text-align: left;\" align=\"center\">in\u00e9 vide\u00e1:<\/p>\n<p style=\"text-align: left;\" align=\"center\"><a href=\"https:\/\/www.youtube.com\/watch?v=_RcmF68WUtE\" target=\"_blank\" rel=\"noopener noreferrer\">https:\/\/www.youtube.com\/watch?v=_RcmF68WUtE<\/a><\/p>\n<p style=\"text-align: left;\" align=\"center\"><a href=\"https:\/\/www.youtube.com\/watch?v=tPKCMjCV1ZU\" target=\"_blank\" rel=\"noopener noreferrer\">https:\/\/www.youtube.com\/watch?v=tPKCMjCV1ZU<\/a><\/p>\n<p style=\"text-align: left;\" align=\"center\"><a href=\"https:\/\/www.youtube.com\/watch?v=Wknpl13mwT0&amp;feature=youtu.be\">https:\/\/www.youtube.com\/watch?v=Wknpl13mwT0&amp;feature=youtu.be<\/a><\/p>\n<p style=\"text-align: left;\" align=\"center\"><a href=\"https:\/\/www.youtube.com\/watch?v=lHyu66ABjUc&amp;feature=youtu.be\" target=\"_blank\" rel=\"noopener noreferrer\">https:\/\/www.youtube.com\/watch?v=lHyu66ABjUc&amp;feature=youtu.be<\/a><\/p>\n<p style=\"text-align: left;\" align=\"center\"><a href=\"https:\/\/www.youtube.com\/watch?v=n0RAMD-Q_7s&amp;app=desktop\" target=\"_blank\" rel=\"noopener noreferrer\">https:\/\/www.youtube.com\/watch?v=n0RAMD-Q_7s&amp;app=desktop<\/a><\/p>\n<p style=\"text-align: left;\" align=\"center\">\n<p align=\"center\"><b>MODLITBA ZA ZACHOVANIE BO\u017dIEHO PL\u00c1NU S <\/b><\/p>\n<p align=\"center\"><b>MAN\u017dELSTVOM A RODINOU<\/b><\/p>\n<p align=\"center\"><b>V\u0161emoh\u00faci Bo\u017ee, ty si stvoril v\u0161etko z ni\u010doho a cel\u00e9mu stvorenstvu si dal svoj poriadok. Ty si stvoril \u010dloveka na svoj obraz. Stvoril si ho ako mu\u017ea a \u017eenu,<\/b><\/p>\n<p align=\"center\"><b>aby obidvaja v celo\u017eivotnej jednote<\/b><\/p>\n<p align=\"center\"><b>tela a srdca plnili svoje poslanie a tak<\/b><\/p>\n<p align=\"center\"><b>verne zobrazovali tvoju l\u00e1sku.<\/b><\/p>\n<p align=\"center\"><b>Ty si v man\u017eelskom zv\u00e4zku mu\u017ea a \u017eeny<\/b><\/p>\n<p align=\"center\"><b>nazna\u010dil nesmiernu l\u00e1sku a milos\u0165 Kristovu.<\/b><\/p>\n<p align=\"center\"><b>S otcovskou l\u00e1skou chr\u00e1\u0148 dielo,<\/b><\/p>\n<p align=\"center\"><b>ktor\u00e9 m\u00e1 v tebe po\u010diatok.<\/b><\/p>\n<p align=\"center\"><b>Nech dobro triumfuje nad \u013eudskou bezmocnos\u0165ou a nad nebezpe\u010denstvami s\u00fa\u010dasnej civiliz\u00e1cie, ktor\u00e1 neraz odmieta chr\u00e1ni\u0165 a podporova\u0165 d\u00f4stojnos\u0165 man\u017eelstva a rodiny.<\/b><\/p>\n<p style=\"text-align: center;\"><b>Skrze Krista, n\u00e1\u0161ho P\u00e1na. Amen.<\/b><\/p>\n","protected":false},"excerpt":{"rendered":"<p>L\u00e1ska matiek prem\u00e1ha svet Mil\u00e9 mamy z Modlitieb matiek, poz\u00fdvame v\u00e1s k deviatniku za Slovensko \u2013 od \u0161tvrtku 29. janu\u00e1ra do piatku 6. febru\u00e1ra 2015. Budeme sa modli\u0165 \u013eubovo\u013en\u00fd deviatnik, kto ak\u00fd chce. Podobne,&#46;&#46;&#46;<\/p>\n","protected":false},"author":3,"featured_media":2956,"comment_status":"open","ping_status":"closed","sticky":false,"template":"","format":"video","meta":{"ngg_post_thumbnail":0},"categories":[24,1],"tags":[],"_links":{"self":[{"href":"https:\/\/www.skmisia.ch\/index.php?rest_route=\/wp\/v2\/posts\/2928"}],"collection":[{"href":"https:\/\/www.skmisia.ch\/index.php?rest_route=\/wp\/v2\/posts"}],"about":[{"href":"https:\/\/www.skmisia.ch\/index.php?rest_route=\/wp\/v2\/types\/post"}],"author":[{"embeddable":true,"href":"https:\/\/www.skmisia.ch\/index.php?rest_route=\/wp\/v2\/users\/3"}],"replies":[{"embeddable":true,"href":"https:\/\/www.skmisia.ch\/index.php?rest_route=%2Fwp%2Fv2%2Fcomments&post=2928"}],"version-history":[{"count":13,"href":"https:\/\/www.skmisia.ch\/index.php?rest_route=\/wp\/v2\/posts\/2928\/revisions"}],"predecessor-version":[{"id":9334,"href":"https:\/\/www.skmisia.ch\/index.php?rest_route=\/wp\/v2\/posts\/2928\/revisions\/9334"}],"wp:featuredmedia":[{"embeddable":true,"href":"https:\/\/www.skmisia.ch\/index.php?rest_route=\/wp\/v2\/media\/2956"}],"wp:attachment":[{"href":"https:\/\/www.skmisia.ch\/index.php?rest_route=%2Fwp%2Fv2%2Fmedia&parent=2928"}],"wp:term":[{"taxonomy":"category","embeddable":true,"href":"https:\/\/www.skmisia.ch\/index.php?rest_route=%2Fwp%2Fv2%2Fcategories&post=2928"},{"taxonomy":"post_tag","embeddable":true,"href":"https:\/\/www.skmisia.ch\/index.php?rest_route=%2Fwp%2Fv2%2Ftags&post=2928"}],"curies":[{"name":"wp","href":"https:\/\/api.w.org\/{rel}","templated":true}]}}