{"id":2900,"date":"2015-01-16T12:00:31","date_gmt":"2015-01-16T11:00:31","guid":{"rendered":"https:\/\/www.skmisia.ch\/?p=2900"},"modified":"2019-04-08T21:09:16","modified_gmt":"2019-04-08T20:09:16","slug":"2900","status":"publish","type":"post","link":"https:\/\/www.skmisia.ch\/?p=2900","title":{"rendered":"Oznamy na 2. Nede\u013eu v obdob\u00ed cez rok"},"content":{"rendered":"<p align=\"center\">SLOVENSK\u00c1 KATOL\u00cdCKA MISIA, BRAUERSTRASSe\u00a099; 8004 ZURICH;<\/p>\n<p align=\"center\">T\/F: 0041 44 241 50 22<\/p>\n<div align=\"center\">\n<hr align=\"center\" size=\"2\" width=\"100%\" \/>\n<\/div>\n<p>Oznamy na 2. Nede\u013eu v\u00a0obdob\u00ed cez rok.<\/p>\n<p>Liturgick\u00fd kalend\u00e1r:<\/p>\n<p>Dnes sme za\u010dali T\u00dd\u017dDE\u0147 MODLITIEB ZA JEDNOTU KRES\u0164ANOV, potrv\u00e1 do bud\u00facej nedele.<\/p>\n<p>V utorok je \u013eubovo\u013en\u00e1 spomienka sv. \u0160ebasti\u00e1na, mu\u010den\u00edka.(hl. Patr\u00f3n VO)<\/p>\n<p>V stredu je spomienka sv. Agnesy, panny a mu\u010denice.<\/p>\n<p>V sobotu je spomienka sv. Franti\u0161ka Salesk\u00e9ho, biskupa a u\u010dite\u013ea cirkvi.<\/p>\n<p>Bud\u00faca nede\u013ea je 3. Nede\u013ea v cezro\u010dnom obdob\u00ed.<\/p>\n<p>&nbsp;<\/p>\n<p>Program sv. om\u0161\u00ed po\u010das t\u00fd\u017ed\u0148a:<\/p>\n<p>Streda sv. om\u0161a o 20:00 na Talianskej misii a po nej stretnutie na Taliankej misii.<\/p>\n<p>&nbsp;<\/p>\n<p>\u010eal\u0161ie oznamy:<\/p>\n<p>1. Po sv. Om\u0161i je n\u00e1cvik detsk\u00e9ho zboru a\u00a0potom je Katechizmus pre deti.<\/p>\n<p>2. Vo \u0161tvrtok bude futbalov\u00fd kr\u00fa\u017eok.<\/p>\n<p>3. V piatok bude biblick\u00e9 stretko na Talianskej misii o 20:00.<\/p>\n<p>4. Pri v\u00fdchode z kostola si e\u0161te m\u00f4\u017eete vzia\u0165:<\/p>\n<p>&#8211; stde\u010dn\u00e9 pozvanie na Rodinn\u00fd v\u00edkend. (akcia do 31.1.)<\/p>\n<p>&#8211; posledn\u00e9 ob\u00e1lky s Trojkr\u00e1\u013eovsk\u00fdm po\u017eehnan\u00edm domu.<\/p>\n<p>5. Info Karneval + Fa\u0161iangy.<\/p>\n<p>6. Po sv. om\u0161i v\u00e1s poz\u00fdvame na k\u00e1vu, kde Zdru\u017eenie pripravilo pr\u00edpitok ku d\u0148u \u0161t\u00e1tnosti.<\/p>\n<p>7. Modlitba za rodiny + ref.<\/p>\n<p>&nbsp;<\/p>\n<p>&nbsp;<\/p>\n<p>&nbsp;<\/p>\n<p style=\"text-align: center;\">\u00a0SLOVENSK\u00c1 KATOL\u00cdCKA MISIA, BRAUERSTRASSE\u00a099; 8004 ZURICH;<\/p>\n<p style=\"text-align: center;\">\u00a0T\/F: 0041 44 241 50 22<\/p>\n<p>\u00a0\u00a0Oznamy na Nede\u013eu Krstu Krista P\u00e1na.<\/p>\n<p>Liturgick\u00fd kalend\u00e1r:<\/p>\n<p>Dne\u0161n\u00fdm sviatkom kon\u010d\u00ed Viano\u010dn\u00e9 obdobie a\u00a0za\u010d\u00edna cezro\u010dn\u00e9 liturgick\u00e9 obdobie.<\/p>\n<p>V utorokok je \u013eubovo\u013en\u00e1 spomienka sv.Hil\u00e1ra, biskupa a u\u010dite\u013ea Cirkvi.<\/p>\n<p>V sobotu je spomienka sv. Antona, op\u00e1ta.<\/p>\n<p>Bud\u00faca nede\u013ea je 2. Nede\u013ea v cezro\u010dnom obdob\u00ed. Od nede\u013ee 18. janu\u00e1ra za\u010d\u00edna T\u00dd\u017dDE\u0147 MODLITIEB ZA JEDNOTU KRES\u0164ANOV. Formul\u00e1r sv. om\u0161e zvol\u00edme z om\u0161e <i>Za jednotu kres\u0165anov<\/i>.<\/p>\n<p>&nbsp;<\/p>\n<p>Program sv. om\u0161\u00ed po\u010das t\u00fd\u017ed\u0148a:<\/p>\n<p><b>Streda sv. om\u0161a o 20:00<\/b> na Talianskej misii a po nej posedenie na Taliankej misii. Stretnutie spevokolu je \u00bd hodimu pred sv. om\u0161ou.<\/p>\n<p>&nbsp;<\/p>\n<p>\u010eal\u0161ie oznamy:<\/p>\n<p>&nbsp;<\/p>\n<ol>\n<li>Po sv. om\u0161i je Katechizmus pre deti.<\/li>\n<\/ol>\n<p>&nbsp;<\/p>\n<ol>\n<li>Po sv. om\u0161i je Katech\u00e9za dospel\u00fdch s pr\u00edpravou na birmovku.<\/li>\n<\/ol>\n<p>&nbsp;<\/p>\n<ol>\n<li>Vo \u0161tvrtok bude futbalov\u00fd kr\u00fa\u017eok.<\/li>\n<\/ol>\n<p>&nbsp;<\/p>\n<ol>\n<li>V piatok bude biblick\u00e9 stretko na Talianskej misii o 20:00.<\/li>\n<\/ol>\n<p>&nbsp;<\/p>\n<ol>\n<li>N\u00e1cvik detsk\u00e9ho zboru bude na bud\u00facu nede\u013eu.<\/li>\n<\/ol>\n<p>&nbsp;<\/p>\n<p>&nbsp;<\/p>\n<ol>\n<li>Pri v\u00fdchode z kostola si e\u0161te m\u00f4\u017eete vzia\u0165 ob\u00e1lky s Trojkr\u00e1\u013eovsk\u00fdm po\u017eehnan\u00edm domu. Nech V\u00e1m posl\u00fa\u017eia pri posv\u00e4covan\u00ed va\u0161\u00edch pr\u00edbytkov, aby sa stali miestom oslavy Boha. Trojkr\u00e1\u013eosk\u00fa vodu si m\u00f4\u017eete nabra\u0165 pri vchode do sakristie. V pr\u00edpade z\u00e1ujmu m\u00f4\u017eete poprosi\u0165 i o posv\u00e4tenie pr\u00edbytku k\u0148azom a nahl\u00e1si\u0165 sa na SKM.<\/li>\n<\/ol>\n<p align=\"center\">SLOVENSK\u00c1 KATOL\u00cdCKA MISiA, BRAUERSTRASSe\u00a099; 8004 ZURICH;<\/p>\n<p align=\"center\">T\/F: 0041 44 241 50 22<\/p>\n<div align=\"center\">\n<hr align=\"center\" size=\"2\" width=\"100%\" \/>\n<\/div>\n<p>Oznamy na 2. Nede\u013eu po Naroden\u00ed P\u00e1na.<\/p>\n<p>Liturgick\u00fd kalend\u00e1r:<\/p>\n<p><strong>\u00a0V utorok je sl\u00e1vnos\u0165 Zjavenia P\u00e1na- Troch kr\u00e1\u013eov.<\/strong><\/p>\n<p>V stredu je \u013eubovo\u013en\u00e1 spomienka sv. Rajmunda z Pe\u0148afortu, k\u0148aza.<\/p>\n<p>Bud\u00faca nede\u013ea je 3. Nede\u013ea po naroden\u00ed P\u00e1na- Krst Krista P\u00e1na a z\u00e1ver Viano\u010dn\u00e9ho obdobia.<\/p>\n<p>&nbsp;<\/p>\n<p>Program sv. om\u0161\u00ed po\u010das t\u00fd\u017ed\u0148a:<\/p>\n<p><b style=\"line-height: 1.5em;\">V utorok je sv. om\u0161a o 20:00 v krypte Liebfrauen<\/b><span style=\"line-height: 1.5em;\"> s po\u017eehnan\u00edm trojkr\u00e1\u013eovskej vody.<\/span><\/p>\n<p><b style=\"line-height: 1.5em;\">V stredu nie je sv. om\u0161a o 20:00!<\/b><span style=\"line-height: 1.5em;\"> na Talianskej misii a po nej posedenie na Taliankej misii.<\/span><\/p>\n<p>&nbsp;<\/p>\n<p>&nbsp;<\/p>\n<p>\u010eal\u0161ie oznamy:<\/p>\n<p><span style=\"line-height: 1.5em;\">Fungujeme v pr\u00e1zdninovom re\u017eime:<\/span><\/p>\n<p>1. V piatok <b>nebude<\/b> biblick\u00e9 stretko na Talianskej misii o 20:00.<\/p>\n<p>2. Pri v\u00fdchode z kostola si m\u00f4\u017eete vzia\u0165 ob\u00e1lky s Trojkr\u00e1\u013eovsk\u00fdm po\u017eehnan\u00edm domu. Nech V\u00e1m posl\u00fa\u017eia pri posv\u00e4covan\u00ed va\u0161\u00edch pr\u00edbytkov, aby sa stali miestom oslavy Boha. V pr\u00edpade z\u00e1ujmu m\u00f4\u017eete poprosi\u0165 i o posv\u00e4tenie pr\u00edbytku k\u0148azom a nahl\u00e1si\u0165 sa na SKM.<\/p>\n","protected":false},"excerpt":{"rendered":"<p>SLOVENSK\u00c1 KATOL\u00cdCKA MISIA, BRAUERSTRASSe\u00a099; 8004 ZURICH; T\/F: 0041 44 241 50 22 Oznamy na 2. Nede\u013eu v\u00a0obdob\u00ed cez rok. Liturgick\u00fd kalend\u00e1r: Dnes sme za\u010dali T\u00dd\u017dDE\u0147 MODLITIEB ZA JEDNOTU KRES\u0164ANOV, potrv\u00e1 do bud\u00facej nedele. V&#46;&#46;&#46;<\/p>\n","protected":false},"author":3,"featured_media":2925,"comment_status":"open","ping_status":"closed","sticky":false,"template":"","format":"standard","meta":{"ngg_post_thumbnail":0},"categories":[24,1],"tags":[],"_links":{"self":[{"href":"https:\/\/www.skmisia.ch\/index.php?rest_route=\/wp\/v2\/posts\/2900"}],"collection":[{"href":"https:\/\/www.skmisia.ch\/index.php?rest_route=\/wp\/v2\/posts"}],"about":[{"href":"https:\/\/www.skmisia.ch\/index.php?rest_route=\/wp\/v2\/types\/post"}],"author":[{"embeddable":true,"href":"https:\/\/www.skmisia.ch\/index.php?rest_route=\/wp\/v2\/users\/3"}],"replies":[{"embeddable":true,"href":"https:\/\/www.skmisia.ch\/index.php?rest_route=%2Fwp%2Fv2%2Fcomments&post=2900"}],"version-history":[{"count":6,"href":"https:\/\/www.skmisia.ch\/index.php?rest_route=\/wp\/v2\/posts\/2900\/revisions"}],"predecessor-version":[{"id":2927,"href":"https:\/\/www.skmisia.ch\/index.php?rest_route=\/wp\/v2\/posts\/2900\/revisions\/2927"}],"wp:featuredmedia":[{"embeddable":true,"href":"https:\/\/www.skmisia.ch\/index.php?rest_route=\/wp\/v2\/media\/2925"}],"wp:attachment":[{"href":"https:\/\/www.skmisia.ch\/index.php?rest_route=%2Fwp%2Fv2%2Fmedia&parent=2900"}],"wp:term":[{"taxonomy":"category","embeddable":true,"href":"https:\/\/www.skmisia.ch\/index.php?rest_route=%2Fwp%2Fv2%2Fcategories&post=2900"},{"taxonomy":"post_tag","embeddable":true,"href":"https:\/\/www.skmisia.ch\/index.php?rest_route=%2Fwp%2Fv2%2Ftags&post=2900"}],"curies":[{"name":"wp","href":"https:\/\/api.w.org\/{rel}","templated":true}]}}