{"id":2708,"date":"2014-12-28T11:38:20","date_gmt":"2014-12-28T10:38:20","guid":{"rendered":"https:\/\/www.skmisia.ch\/?p=2708"},"modified":"2019-04-08T21:09:16","modified_gmt":"2019-04-08T20:09:16","slug":"oznamy-na-2-adventnu-nedelu","status":"publish","type":"post","link":"https:\/\/www.skmisia.ch\/?p=2708","title":{"rendered":"Oznamy na 1. Nede\u013eu po Naroden\u00ed P\u00e1na."},"content":{"rendered":"<p align=\"center\"><strong>SLOVENSK\u00c1 KATOL\u00cdCKA MISIA, BRAUERSTRASSE 99; 8004 ZURICH;<\/strong><\/p>\n<p align=\"center\"><strong>T\/F: 0041 44 241 50 22<\/strong><\/p>\n<div align=\"center\">\n<hr align=\"center\" size=\"2\" width=\"100%\" \/>\n<\/div>\n<p>Oznamy na 1. Nede\u013eu po Naroden\u00ed P\u00e1na.<\/p>\n<p>Liturgick\u00fd kalend\u00e1r:<\/p>\n<p>V podelok je 5. De\u0148 viano\u010dnej okt\u00e1vy.<\/p>\n<p>V utorok je 6. De\u0148 viano\u010dnej okt\u00e1vy.<\/p>\n<p>V stredu je spomienka sv. Silvestra, p\u00e1pe\u017ea. Ve\u010dern\u00e1 sv. om\u0161a je z nasleduj\u00facej sl\u00e1vnosti.<\/p>\n<p><strong>Vo \u0161tvrtok je Nov\u00fd rok- sl\u00e1vnos\u0165 Panny M\u00e1rie Bohorodi\u010dky.<\/strong><\/p>\n<p>V piatok je spomienka sv. Bazila Ve\u013ek\u00e9ho a Gregora Nazi\u00e1nskeho, biskupov a u\u010dite\u013eov Cirkvi.<\/p>\n<p>V piatok je tie\u017e prv\u00fd piatok v mesiaci.<\/p>\n<p>V sobotu je \u013eubovo\u013en\u00e1 spomienka Najsv\u00e4tej\u0161ieho mena Je\u017ei\u0161.<\/p>\n<p>Bud\u00faca nede\u013ea je 2. Nede\u013ea po naroden\u00ed P\u00e1na.<\/p>\n<p>&nbsp;<\/p>\n<p>Program sv. om\u0161\u00ed po\u010das t\u00fd\u017ed\u0148a:<\/p>\n<p><b>V stredu o 19:00 je sv. om\u0161a s \u010fakovnou pobo\u017enos\u0165ou na konci roka <\/b>v krypte Liebfrauen. Kto sa z\u00fa\u010dastn\u00ed pri verejnej \u010fakovnej po\u017enosti na speve hymnu <i>Teba, Bo\u017ee, chv\u00e1lime<\/i>, mo\u017ee z\u00edska\u0165 za obvykl\u00fdch podmienok \u00fapln\u00e9 odpustky.<\/p>\n<p><b>Vo \u0161tvrtok o 9:30<\/b> sv. om\u0161a <b>zo sl\u00e1vnosti Panny M\u00e1rie Bohorodi\u010dky<\/b>. Je to za\u010diatok Nov\u00e9ho kalend\u00e1rneho roka. \u00da\u010das\u0165ou na speve Pr\u00ed\u010f, <i>Duchu sv\u00e4t\u00fd tvoriv\u00fd\u00a0 <\/i>mo\u017eno tie\u017e z\u00edska\u0165 \u00fapln\u00e9 odpustky.<\/p>\n<p><b>\u00a0<\/b><b>V piatok o 20:00<\/b> sv. om\u0161a. Po sv. om\u0161i bude nasledova\u0165 prvopiatkov\u00e1 pobo\u017enos\u0165 po\u010das ktorej bude mo\u017enos\u0165 sv. Spoved\u00ed.<\/p>\n<p>&nbsp;<\/p>\n<p>\u010eal\u0161ie oznamy:<\/p>\n<p>1.\u00a0Zajtra odch\u00e1dzam na kr\u00e1tku n\u00e1v\u0161tevu na Slovensko. Po\u010das mojej nepr\u00edtomnosti ma bude na misii zastupova\u0165 don Jozef Bago. Vr\u00e1tim sa o t\u00fd\u017ede\u0148.<\/p>\n<p>2. Na bud\u00facu nede\u013eu v z\u00e1vere sv. om\u0161e don Bago posv\u00e4t\u00ed trojkr\u00e1\u013eovsk\u00fa vodu. Ja budem sv\u00e4ti\u0165 na sviatok Zjavenia P\u00e1na tu v krypte v Liebfrauene o 20:00 pri sv. om\u0161i. V pr\u00edpade z\u00e1ujmu si prineste f\u013ea\u0161ti\u010dky na sv\u00e4ten\u00fa vodu.<\/p>\n<p>3. Preh\u013ead sv. om\u0161\u00ed, aktu\u00e1lne udalosti, ako i misijn\u00e9 oznamy n\u00e1jdete na <b>skmisia.ch<\/b>.<\/p>\n<p>&nbsp;<\/p>\n<p align=\"center\"><b>SLOVENSK<\/b><b>\u00c1 KATOL\u00cdCKA MISIA, BRAUERSTRA<\/b><b>SSE<\/b><b>\u00a0<\/b><b>99; 8004 Z\u00dcRICH<\/b><b><\/b><\/p>\n<p align=\"center\"><b>T\/F: 0041 44 241 50 22<\/b><b><\/b><\/p>\n<div align=\"center\">\n<hr align=\"center\" size=\"2\" width=\"100%\" \/>\n<\/div>\n<p>Oznamy na 3. Adventn\u00fa nede\u013eu v obdob\u00ed cez rok.<\/p>\n<p>Liturgick\u00fd kalend\u00e1r:<\/p>\n<p>Vo \u0161tvrtok je sl\u00e1vnos\u0165 Narodenia P\u00e1na, prik\u00e1zan\u00fd sviatok. Po Ve\u013ekej Noci s\u00fa Vianoce najstar\u0161\u00edm kres\u0165ansk\u00fdm sviatkom a sl\u00e1via sa tzv. Viano\u010dnou okt\u00e1vou. To znamen\u00e1 8 dn\u00ed si pripom\u00edname v liturgii t\u00fato udalos\u0165 a recitujeme sl\u00e1vnostn\u00e9 \u201cGl\u00f3ria\u201d. Prv\u00fdmi ve\u0161perami za\u010d\u00edna Viano\u010dn\u00e9 liturgick\u00e9 obdobie.<\/p>\n<p>V piatok sviatok sv. \u0161tefana, prv\u00e9ho mu\u010den\u00edka.<\/p>\n<p>V sobotu je sviatok sv. J\u00e1na, apo\u0161tola a evanjelistu.<\/p>\n<p>Bud\u00faca nede\u013ea je 1. Nede\u013ea po naroden\u00ed P\u00e1na- Sviatok Sv\u00e4tej rodiny.<\/p>\n<p>Sviatok sv\u00e4t\u00fdch neviniatok, mu\u010den\u00edkov sa toho roku nesl\u00e1vi.<\/p>\n<p>Program sv. om\u0161\u00ed po\u010das t\u00fd\u017ed\u0148a:<\/p>\n<p><b>V stredu o 22:00 je Polno\u010dn\u00e1 sv. om\u0161a <\/b>v kostole Liebfrauen.<\/p>\n<p>Vo \u0161tvrtok o 9:30 sv. om\u0161a zo sl\u00e1vnosti Narodenia P\u00e1na.<\/p>\n<p>V piatok o 9:30 sv. om\u0161a na sviatok sv. \u0160tefana, prvomu\u010den\u00edka.<\/p>\n<p>V Nede\u013eu o 9:30, zo sviatku Sv\u00e4tej rodiny. Pri tejto sv. om\u0161i si man\u017eelia obnovia man\u017eelsk\u00e9 s\u013euby.<\/p>\n<p>&nbsp;<\/p>\n<p>\u010eal\u0161ie oznamy:<\/p>\n<p>1. Srde\u010dn\u00e1 v\u010faka za predviano\u010dn\u00e9 spestrenie po minulot\u00fd\u017ed\u0148ovej sv. om\u0161i za spev i obetavos\u0165 pri kapustnici. Nech P\u00e1n odmen\u00ed v\u0161etk\u00fdch z\u00fa\u010dastnen\u00fdch hojn\u00fdm po\u017eehnan\u00edm.<\/p>\n<p>2. Vo \u0161tvrtok nebude \u0161portov\u00fd kr\u00fa\u017eok.<\/p>\n<p>3.\u00a0<b>Ka\u017ed\u00fd de\u0148 s Bo\u017e\u00edm slovom<\/b>&#8211; pon\u00fakame v\u00e1m kni\u017e\u00f4\u010dky <i>Ka\u017ed\u00fd de\u0148 s Bo\u017e\u00edm slovom<\/i>. S\u00fa dostupn\u00e9 po sv. om\u0161i u Antona \u0160in\u010d\u00edka v sakristii. Cena 1 kusu je 5,- Fr. M\u00f4\u017eete niekoho pote\u0161i\u0165 hodnotn\u00fdm viano\u010dn\u00fdm dar\u010dekom.<\/p>\n<p>4. Kto dosia\u013e nestihol predviano\u010dn\u00fa sv. spove\u010f, po sv. om\u0161i a\u017e do bezvedomia budem spoveda\u0165.<\/p>\n<p align=\"center\"><b>SLOVENSK<\/b><b>\u00c1 KATOL\u00cdCKA MISIA, BRAUERSTRA<\/b><b>SSe<\/b><b>\u00a0<\/b><b>99; 8004 Z\u00dcRICH<\/b><b><\/b><\/p>\n<p align=\"center\"><b>T\/F: 0041 44 241 50 22<\/b><b><\/b><\/p>\n<div align=\"center\">\n<hr align=\"center\" size=\"2\" width=\"100%\" \/>\n<\/div>\n<p>Oznamy na 3. Adventn\u00fa nede\u013eu v obdob\u00ed cez rok.<\/p>\n<p>Liturgick\u00fd kalend\u00e1r:<\/p>\n<p><span style=\"line-height: 1.5em;\">Po 3. Adventnej nedeli (od 17.-24.12.) vstupujeme do druhej \u010dasti adventn\u00e9ho obdobia. Liturgick\u00e9 \u010d\u00edtania n\u00e1m bud\u00fa opisova\u0165 bezprostredn\u00e9 udalosti pred naroden\u00edm JK. Liturgick\u00e9 spomienky sa v tomto obdob\u00ed nesl\u00e1via.<\/span><\/p>\n<p>Bud\u00faca nede\u013ea je 4. Adventn\u00e1 nede\u013ea.<\/p>\n<p><span style=\"line-height: 1.5em;\">\u00a0 \u00a0 \u00a0Program sv. om\u0161\u00ed po\u010das t\u00fd\u017ed\u0148a:<\/span><\/p>\n<p>&nbsp;<\/p>\n<p><b>V stredu o 20:00 je posledn\u00e1 sv. om\u0161a <\/b>pred Vianocami<b> <\/b>na Talianskej misii- poz\u00fdvame na n\u00e1cvik piesn\u00ed u\u017e o 19:30. Po sv. om\u0161i bude kr\u00e1tke stretnutie so s\u00fa\u0165a\u017eno-\u0161portov\u00fdm programom. (Viano\u010dn\u00e1 kvapka potu). Najbli\u017e\u0161ia bude a\u017e v Novom roku a\u017e 14.1. 2014.<\/p>\n<p><span style=\"line-height: 1.5em;\">\u010eal\u0161ie oznamy:<\/span><\/p>\n<p>1. Po sv\u00e4tej om\u0161i V\u00e1s poz\u00fdvame na kr\u00e1tky predviano\u010dn\u00fd koncert v podan\u00ed Borisa Bert\u00f3ka a jeho man\u017eelky M\u00e1rie. Bude trva\u0165 asi 20 min\u00fat. Po nas\u00fdten\u00ed ducha, m\u00f4\u017eeme zas\u00fdti\u0165 aj \u201ebruch\u00e1\u201c predviano\u010dnou kapustnicou v\u00a0pastora\u010dnom centre.\u00a0Deti poz\u00fdvame u\u017e po\u010das koncertu alebo m\u00f4\u017eu pr\u00edjs\u0165 aj po\u010das kapustnice vyr\u00e1ba\u0165 pastelov\u00e9 viano\u010dn\u00e9 poh\u013eadnice.<\/p>\n<p>2. Katech\u00e9za dospel\u00fdch- dnes po koncerte bude pr\u00edprava dospel\u00fdch na sviatosti a birmovku.<\/p>\n<p>3. Vo \u0161tvrtok bude \u0161portov\u00fd kr\u00fa\u017eok.<\/p>\n<p>4. V piatok nebude ml\u00e1de\u017en\u00edcko biblick\u00e9 stretko.<\/p>\n<p>5.\u00a0<b>Misijn\u00fd informator<\/b>&#8211; zostali posledn\u00e9 \u010d\u00edsla misijn\u00e9ho inform\u00e1tora. Kto si e\u0161te nevzal a m\u00e1 z\u00e1ujem, m\u00f4\u017ee si e\u0161te ho vyzvihn\u00fa\u0165 na stol\u00edku. \u010eakujeme v\u0161etk\u00fdm v\u00e1m, ktor\u00ed ste pomohli podpori\u0165 jeho n\u00e1klady.<\/p>\n<p>6.\u00a0<b>Ka\u017ed\u00fd de\u0148 s Bo\u017e\u00edm slovom<\/b>&#8211; pon\u00fakame v\u00e1m kni\u017e\u00f4\u010dky <i>Ka\u017ed\u00fd de\u0148 s Bo\u017e\u00edm slovom<\/i>. S\u00fa dostupn\u00e9 po sv. om\u0161i u Antona \u0160in\u010d\u00edka v sakristii. Cena 1 kusu je 5,- Fr. M\u00f4\u017eete niekoho pote\u0161i\u0165 hodnotn\u00fdm viano\u010dn\u00fdm dar\u010dekom.<\/p>\n<p>7. \u010eakujeme v\u0161etk\u00fdm za vytvorenie prijemnej atmosf\u00e9ry po\u010das <b>stretnutie s Mikul\u00e1\u0161om<\/b>, ako i za samotn\u00fa organiz\u00e1ciu.<\/p>\n","protected":false},"excerpt":{"rendered":"<p>SLOVENSK\u00c1 KATOL\u00cdCKA MISIA, BRAUERSTRASSE 99; 8004 ZURICH; T\/F: 0041 44 241 50 22 Oznamy na 1. Nede\u013eu po Naroden\u00ed P\u00e1na. Liturgick\u00fd kalend\u00e1r: V podelok je 5. De\u0148 viano\u010dnej okt\u00e1vy. V utorok je 6. De\u0148&#46;&#46;&#46;<\/p>\n","protected":false},"author":3,"featured_media":174,"comment_status":"open","ping_status":"closed","sticky":false,"template":"","format":"standard","meta":{"ngg_post_thumbnail":0},"categories":[24,1],"tags":[],"_links":{"self":[{"href":"https:\/\/www.skmisia.ch\/index.php?rest_route=\/wp\/v2\/posts\/2708"}],"collection":[{"href":"https:\/\/www.skmisia.ch\/index.php?rest_route=\/wp\/v2\/posts"}],"about":[{"href":"https:\/\/www.skmisia.ch\/index.php?rest_route=\/wp\/v2\/types\/post"}],"author":[{"embeddable":true,"href":"https:\/\/www.skmisia.ch\/index.php?rest_route=\/wp\/v2\/users\/3"}],"replies":[{"embeddable":true,"href":"https:\/\/www.skmisia.ch\/index.php?rest_route=%2Fwp%2Fv2%2Fcomments&post=2708"}],"version-history":[{"count":10,"href":"https:\/\/www.skmisia.ch\/index.php?rest_route=\/wp\/v2\/posts\/2708\/revisions"}],"predecessor-version":[{"id":2899,"href":"https:\/\/www.skmisia.ch\/index.php?rest_route=\/wp\/v2\/posts\/2708\/revisions\/2899"}],"wp:featuredmedia":[{"embeddable":true,"href":"https:\/\/www.skmisia.ch\/index.php?rest_route=\/wp\/v2\/media\/174"}],"wp:attachment":[{"href":"https:\/\/www.skmisia.ch\/index.php?rest_route=%2Fwp%2Fv2%2Fmedia&parent=2708"}],"wp:term":[{"taxonomy":"category","embeddable":true,"href":"https:\/\/www.skmisia.ch\/index.php?rest_route=%2Fwp%2Fv2%2Fcategories&post=2708"},{"taxonomy":"post_tag","embeddable":true,"href":"https:\/\/www.skmisia.ch\/index.php?rest_route=%2Fwp%2Fv2%2Ftags&post=2708"}],"curies":[{"name":"wp","href":"https:\/\/api.w.org\/{rel}","templated":true}]}}