{"id":2699,"date":"2014-11-11T19:44:21","date_gmt":"2014-11-11T18:44:21","guid":{"rendered":"https:\/\/www.skmisia.ch\/?p=2699"},"modified":"2019-04-08T21:09:16","modified_gmt":"2019-04-08T20:09:16","slug":"oznamy-na-34-nedelu-v-obdobi-cez-rok","status":"publish","type":"post","link":"https:\/\/www.skmisia.ch\/?p=2699","title":{"rendered":"Oznamy na 34. nede\u013eu v obdob\u00ed cez rok"},"content":{"rendered":"<p align=\"center\"><b>SLOVENSK<\/b><b>\u00c1 KATOL\u00cdCKA MISIA, BRAUERSTRA<\/b><b>SSe<\/b><b>\u00a0<\/b><b>99; 8004 Z\u00dcRICH<\/b><b><\/b><\/p>\n<p align=\"center\"><b>T\/F: 0041 44 241 50 22<\/b><b><\/b><\/p>\n<div align=\"center\">\n<hr align=\"center\" size=\"2\" width=\"100%\" \/>\n<\/div>\n<p>Oznamy na 34. nede\u013eu v obdob\u00ed cez rok.<\/p>\n<p>Liturgick\u00fd kalend\u00e1r:<\/p>\n<p>V pondelok je spomienka sv. Ondreja Dung-Laka, k\u0148aza a spolo\u010dn\u00edkov, mu\u010den\u00edkov.<\/p>\n<p>V utorok je \u013eubovo\u013en\u00e1 spomienka sv. Katar\u00edny Alexandrijskej, panny a mu\u010denice.<\/p>\n<p>V sobotu je \u013eu bovo\u013en\u00e1 spomienka sv. Panny M\u00e1rie v sobotu.<\/p>\n<p>Bud\u00faca nede\u013ea je 1. Adventn\u00e1 nede\u013ea- za\u010diatok nov\u00e9ho cirkevn\u00e9ho roka \u201cB\u201d.<\/p>\n<p>&nbsp;<\/p>\n<p>Dnes po sv. om\u0161i n\u00e1cvik detsk\u00e9ho zboru (z pr\u00edle\u017eitosti sv. Cec\u00edlie urob\u00edme Casting sv. Cec\u00edle). Deti, ktor\u00e9 sa chc\u00fa z\u00fa\u010dastni\u0165 stretnutia s Mikul\u00e1\u0161om, nech rodi\u010dia nahl\u00e1sia Zlatke Bodr\u00edkovej do bud\u00facej nedele.<\/p>\n<p>Srde\u010dne V\u00e1s poz\u00fdvame na \u201ePredviano\u010dn\u00fa kapustnica\u201c, ktor\u00e1 sa bude pod\u00e1va\u0165 v nede\u013eu 14.12. 2014 po sv. om\u0161i. Z\u00e1ujemcovia o kapustnicu nech sa nahl\u00e1sia takisto Zlatke Bodor\u00edkovej, aby sme vedeli po\u010det porci\u00ed.<\/p>\n<p>V stredu bude sv. om\u0161a o 20:00 v kostole sv. J\u00e1na Bosca na Talianskej misii. Stretnutie spevokolu je \u00bd hodimu pred sv. om\u0161ou. Bude aj brig\u00e1da.<\/p>\n<p>&nbsp;<\/p>\n<p>Vo \u0161tvrtok bude \u0161portov\u00fd kr\u00fa\u017eok liga.<\/p>\n<p>&nbsp;<\/p>\n<p>V\u00a0piatok nebude tak ako obvykle ml\u00e1de\u017en\u00edcko-biblick\u00e9 stretko, preto\u017ee- mini\u0161tranti rozda\u0165 &#8211; pri modlitebn\u00fdch kni\u017ek\u00e1ch a pri v\u00fdchode z kostola n\u00e1jdete nov\u00e9 \u010d\u00edslo Misijn\u00e9ho inform\u00e1tora s komplet programom <b>DUCHOVNEJ OBNOVY 28.-30. Novembra 2014<\/b>. Je to u\u017e o t\u00fd\u017ede\u0148!<\/p>\n<p>Pr\u00edzvukujem:<\/p>\n<p>&#8211;\u00a0\u00a0\u00a0\u00a0\u00a0 Kazate\u013e- p\u00e1ter Michal Zamkovsk\u00fd + misijn\u00e1 skupina Rieka \u017eivota.<\/p>\n<p><span style=\"line-height: 1.5em;\">\u00a0<\/span><\/p>\n<ul>\n<li>Man\u017eelsk\u00e9 ohl\u00e1\u0161ky pri modlitebn\u00fdch knih\u00e1ch. Sviatos\u0165 man\u017eelstva sa rozhodli uzavrie\u0165 Jaroslav Husla z\u00a0Trstenej a\u00a0Veronika Bjalo\u0148ov\u00e1 z\u00a0Trstenej (Toho \u010dasu sa zdr\u017euj\u00fa pri Lucerne). Kto by vedel o\u00a0z\u00e1va\u017en\u00fdch prek\u00e1\u017ekach, nech upovedom\u00ed otca Pavla.<\/li>\n<\/ul>\n","protected":false},"excerpt":{"rendered":"<p>SLOVENSK\u00c1 KATOL\u00cdCKA MISIA, BRAUERSTRASSe\u00a099; 8004 Z\u00dcRICH T\/F: 0041 44 241 50 22 Oznamy na 34. nede\u013eu v obdob\u00ed cez rok. Liturgick\u00fd kalend\u00e1r: V pondelok je spomienka sv. Ondreja Dung-Laka, k\u0148aza a spolo\u010dn\u00edkov, mu\u010den\u00edkov. V&#46;&#46;&#46;<\/p>\n","protected":false},"author":3,"featured_media":1220,"comment_status":"open","ping_status":"closed","sticky":false,"template":"","format":"standard","meta":{"ngg_post_thumbnail":0},"categories":[24,1],"tags":[],"_links":{"self":[{"href":"https:\/\/www.skmisia.ch\/index.php?rest_route=\/wp\/v2\/posts\/2699"}],"collection":[{"href":"https:\/\/www.skmisia.ch\/index.php?rest_route=\/wp\/v2\/posts"}],"about":[{"href":"https:\/\/www.skmisia.ch\/index.php?rest_route=\/wp\/v2\/types\/post"}],"author":[{"embeddable":true,"href":"https:\/\/www.skmisia.ch\/index.php?rest_route=\/wp\/v2\/users\/3"}],"replies":[{"embeddable":true,"href":"https:\/\/www.skmisia.ch\/index.php?rest_route=%2Fwp%2Fv2%2Fcomments&post=2699"}],"version-history":[{"count":1,"href":"https:\/\/www.skmisia.ch\/index.php?rest_route=\/wp\/v2\/posts\/2699\/revisions"}],"predecessor-version":[{"id":2700,"href":"https:\/\/www.skmisia.ch\/index.php?rest_route=\/wp\/v2\/posts\/2699\/revisions\/2700"}],"wp:featuredmedia":[{"embeddable":true,"href":"https:\/\/www.skmisia.ch\/index.php?rest_route=\/wp\/v2\/media\/1220"}],"wp:attachment":[{"href":"https:\/\/www.skmisia.ch\/index.php?rest_route=%2Fwp%2Fv2%2Fmedia&parent=2699"}],"wp:term":[{"taxonomy":"category","embeddable":true,"href":"https:\/\/www.skmisia.ch\/index.php?rest_route=%2Fwp%2Fv2%2Fcategories&post=2699"},{"taxonomy":"post_tag","embeddable":true,"href":"https:\/\/www.skmisia.ch\/index.php?rest_route=%2Fwp%2Fv2%2Ftags&post=2699"}],"curies":[{"name":"wp","href":"https:\/\/api.w.org\/{rel}","templated":true}]}}