{"id":2681,"date":"2014-11-11T19:45:40","date_gmt":"2014-11-11T18:45:40","guid":{"rendered":"https:\/\/www.skmisia.ch\/?p=2681"},"modified":"2019-04-08T21:09:16","modified_gmt":"2019-04-08T20:09:16","slug":"kazdy-den-s-bozim-slovom-2015-dostupne-uz-na-misii","status":"publish","type":"post","link":"https:\/\/www.skmisia.ch\/?p=2681","title":{"rendered":"Ka\u017ed\u00fd de\u0148 s Bo\u017e\u00edm Slovom 2015 &#8211; u\u017e dostupn\u00e9 na misii"},"content":{"rendered":"<p><a href=\"https:\/\/www.skmisia.ch\/wp-content\/uploads\/2014\/11\/2.png\"><img decoding=\"async\" loading=\"lazy\" class=\"size-medium wp-image-2683 alignleft\" alt=\"2\" src=\"https:\/\/www.skmisia.ch\/wp-content\/uploads\/2014\/11\/2-208x300.png\" width=\"208\" height=\"300\" srcset=\"https:\/\/www.skmisia.ch\/wp-content\/uploads\/2014\/11\/2-208x300.png 208w, https:\/\/www.skmisia.ch\/wp-content\/uploads\/2014\/11\/2.png 694w\" sizes=\"(max-width: 208px) 100vw, 208px\" \/><\/a>Po v\u0161etk\u00fdch \u00a0sv. om\u0161iach je mo\u017enos\u0165 zak\u00fapi\u0165 si kni\u017e\u00f4\u010dku s evanjeliov\u00fdmi zamysleniami na ka\u017ed\u00fd de\u0148- &#8222;Ka\u017ed\u00fd de\u0148 s Bo\u017e\u00edm Slovom 2015&#8220;. Cena exeml\u00e1ru je 5,- Fr.<\/p>\n<p>Kniha\u00a0<em>Ka\u017ed\u00fd de\u0148 s Bo\u017e\u00edm slovom 2<\/em>\u00a0bola pripraven\u00e1 ako ka\u017edodenn\u00e1 pom\u00f4cka pre t\u00fdch, ktor\u00ed chc\u00fa by\u0165 v kontakte s evanjeliom. Je pokra\u010dovan\u00edm \u00faspe\u0161nej s\u00e9rie\u00a0<em>Denne s Bo\u017e\u00edm slovom<\/em>\u00a0a Ka\u017ed\u00fd de\u0148 s Bo\u017e\u00edm slovom (2014).<\/p>\n<p>Obsahuje \u00faryvok z denn\u00e9ho Evanjelia v kalend\u00e1rnom roku 2015 a takisto kr\u00e1tke zamyslenie, ktor\u00e9 pom\u00f4\u017ee ka\u017ed\u00e9mu k osobn\u00e9mu dial\u00f3gu s P\u00e1nom.<\/p>\n<p><a title=\"Ka\u017edy de\u0148 s Bo\u017e\u00edm Slovom\" href=\"http:\/\/www.zachej.sk\/produkt\/14035\/kazdy-den-s-bozim-slovom-2015\/\" target=\"_blank\" rel=\"noopener noreferrer\">http:\/\/www.zachej.sk\/produkt\/14035\/kazdy-den-s-bozim-slovom-2015\/<\/a><\/p>\n","protected":false},"excerpt":{"rendered":"<p>Po v\u0161etk\u00fdch \u00a0sv. om\u0161iach je mo\u017enos\u0165 zak\u00fapi\u0165 si kni\u017e\u00f4\u010dku s evanjeliov\u00fdmi zamysleniami na ka\u017ed\u00fd de\u0148- &#8222;Ka\u017ed\u00fd de\u0148 s Bo\u017e\u00edm Slovom 2015&#8220;. Cena exeml\u00e1ru je 5,- Fr. Kniha\u00a0Ka\u017ed\u00fd de\u0148 s Bo\u017e\u00edm slovom 2\u00a0bola pripraven\u00e1 ako&#46;&#46;&#46;<\/p>\n","protected":false},"author":3,"featured_media":2682,"comment_status":"open","ping_status":"closed","sticky":false,"template":"","format":"standard","meta":{"ngg_post_thumbnail":0},"categories":[24,1],"tags":[],"_links":{"self":[{"href":"https:\/\/www.skmisia.ch\/index.php?rest_route=\/wp\/v2\/posts\/2681"}],"collection":[{"href":"https:\/\/www.skmisia.ch\/index.php?rest_route=\/wp\/v2\/posts"}],"about":[{"href":"https:\/\/www.skmisia.ch\/index.php?rest_route=\/wp\/v2\/types\/post"}],"author":[{"embeddable":true,"href":"https:\/\/www.skmisia.ch\/index.php?rest_route=\/wp\/v2\/users\/3"}],"replies":[{"embeddable":true,"href":"https:\/\/www.skmisia.ch\/index.php?rest_route=%2Fwp%2Fv2%2Fcomments&post=2681"}],"version-history":[{"count":5,"href":"https:\/\/www.skmisia.ch\/index.php?rest_route=\/wp\/v2\/posts\/2681\/revisions"}],"predecessor-version":[{"id":9339,"href":"https:\/\/www.skmisia.ch\/index.php?rest_route=\/wp\/v2\/posts\/2681\/revisions\/9339"}],"wp:featuredmedia":[{"embeddable":true,"href":"https:\/\/www.skmisia.ch\/index.php?rest_route=\/wp\/v2\/media\/2682"}],"wp:attachment":[{"href":"https:\/\/www.skmisia.ch\/index.php?rest_route=%2Fwp%2Fv2%2Fmedia&parent=2681"}],"wp:term":[{"taxonomy":"category","embeddable":true,"href":"https:\/\/www.skmisia.ch\/index.php?rest_route=%2Fwp%2Fv2%2Fcategories&post=2681"},{"taxonomy":"post_tag","embeddable":true,"href":"https:\/\/www.skmisia.ch\/index.php?rest_route=%2Fwp%2Fv2%2Ftags&post=2681"}],"curies":[{"name":"wp","href":"https:\/\/api.w.org\/{rel}","templated":true}]}}