{"id":268,"date":"2014-01-08T10:13:06","date_gmt":"2014-01-08T09:13:06","guid":{"rendered":"https:\/\/www.skmisia.ch\/?p=268"},"modified":"2019-04-08T21:09:20","modified_gmt":"2019-04-08T20:09:20","slug":"268","status":"publish","type":"post","link":"https:\/\/www.skmisia.ch\/?p=268","title":{"rendered":"Nov\u00fdm provinci\u00e1lom salezi\u00e1nov je don Jozef I\u017eold"},"content":{"rendered":"<h2><img decoding=\"async\" loading=\"lazy\" class=\"alignright\" alt=\"Izold 1\" src=\"https:\/\/www.skmisia.ch\/wp-content\/uploads\/2014\/01\/Izold-1.jpg\" width=\"153\" height=\"230\" \/><\/h2>\n<p>(Bratislava, 8. janu\u00e1ra 2014) \u2013 Salezi\u00e1ni dona Bosca na Slovensku maj\u00fa nov\u00e9ho provinci\u00e1la. Je n\u00edm PhLic. Jozef I\u017eold SDB. Hlavn\u00fd predstaven\u00fd salezi\u00e1nov don Pascual Ch\u00e1vez ho vymenoval na z\u00e1klade obozn\u00e1menia sa s mienkou spolubratov slovenskej provincie a po hlasovan\u00ed svojej rady. Provinci\u00e1l je menovan\u00fd do svojho \u00faradu na \u0161es\u0165 rokov a m\u00f4\u017ee by\u0165 znovu potvrden\u00fd.<\/p>\n<p>Don Jozef I\u017eold osl\u00e1vi 30. janu\u00e1ra 50 rokov, je 13 rokov k\u0148azom. Ako provinci\u00e1l bude \u00f4smym v hist\u00f3rii slovenskej provincie a prv\u00fdm z gener\u00e1cie \u201eponovembrov\u00fdch\u201c salezi\u00e1nov. Do \u00faradu nast\u00fapi v j\u00fani, ke\u010f skon\u010d\u00ed svoj \u0161es\u0165ro\u010dn\u00fd mand\u00e1t doteraj\u0161\u00ed provinci\u00e1l don Karol Man\u00edk.<\/p>\n<p>&nbsp;<\/p>\n<p><strong>\u017divotopis PhLic. Jozefa I\u017eolda SDB<\/strong><\/p>\n<p>Jozef I\u017eold sa narodil 30. janu\u00e1ra 1964, v Rybn\u00edku nad Hronom, okres Levice. Spomedzi jeho \u0161tyroch s\u00farodencov je k\u0148azom aj najstar\u0161\u00ed brat Daniel, aktu\u00e1lne rektor K\u0148azsk\u00e9ho semin\u00e1ra sv. Cyrila a Metoda v Bratislave.<\/p>\n<p>Jozef I\u017eold zmaturoval na gymn\u00e1ziu v Leviciach v roku 1982. Pred i po v\u00fdkone z\u00e1kladnej vojenskej slu\u017eby pracoval v SES Tlma\u010de, tri roky pracoval aj v \u0160t\u00e1tnom drev\u00e1rskom v\u00fdskumnom \u00fastave v Bratislave ako technik. Pre k\u0148azsk\u00e9 povolanie sa rozhodol u\u017e na gymn\u00e1ziu, no pre op\u00e4tovn\u00e9 neprijatie na vtedy jedin\u00fa bohosloveck\u00fa fakultu v Bratislave prijal radu ist\u00e9ho k\u0148aza vst\u00fapi\u0165 k salezi\u00e1nom. Pr\u00edpravu na salezi\u00e1nsky \u017eivot za\u010dal e\u0161te v obdob\u00ed komunizmu, do novici\u00e1tu v\u0161ak nast\u00fapil u\u017e v obdob\u00ed slobody, v auguste 1990. Ako 27-ro\u010dn\u00fd zlo\u017eil 10. augusta 1991 v Poprade svoje prv\u00e9 reho\u013en\u00e9 s\u013euby. Teologick\u00e9 \u0161t\u00fadi\u00e1 absolvoval v talianskom Tur\u00edne, do\u017eivotn\u00e9 s\u013euby zlo\u017eil 18. augusta 1997 a k\u0148azsk\u00fa vysviacku prijal 20. janu\u00e1ra 2001 v \u017diline.<\/p>\n<p>Po\u010das postgradu\u00e1lnych \u0161t\u00fadi\u00ed sa \u0161pecializoval vo filozofii a dosiahol titul licenci\u00e1t. Od roku 2000 vyu\u010doval na R\u00edmskokatol\u00edckej Cyrilometodskej bohosloveckej fakulte UK, na deta\u0161ovanom pracovisku v \u017diline. Tam bol aj \u010dlenom forma\u010dnej komunity ponovici\u00e1tu salezi\u00e1nov. V rokoch 2005-2008 bol direktorom tejto forma\u010dnej komunity, a z\u00e1rove\u0148 bol aj \u010dlenom provinci\u00e1lnej rady.<\/p>\n<p>Hlavn\u00fd predstaven\u00fd salezi\u00e1nov vymenoval Jozefa I\u017eolda 13. j\u00fana 2008 za provinci\u00e1lneho vik\u00e1ra a po troch rokoch bol v tejto \u00falohe znova potvrden\u00fd. Z\u00e1rove\u0148 plnil \u00falohu provinci\u00e1lneho deleg\u00e1ta pre form\u00e1ciu.<\/p>\n<p>V najbli\u017e\u0161\u00edch mesiacoch sa don I\u017eold z\u00fa\u010dastn\u00ed v R\u00edme na 27. gener\u00e1lnej kapitule salezi\u00e1nov.<\/p>\n<p>Doteraj\u0161\u00ed provinci\u00e1li salezi\u00e1nov od vzniku slovenskej salezi\u00e1nskej provincie roku 1939:<\/p>\n<p>+ Jozef Bokor 1939-1968<br \/>\n+ Andrej Dermek 1968-1981<br \/>\n+ Jozef Kaiser 1981-1993<br \/>\nErnest Mac\u00e1k 1993-1999<br \/>\nVladim\u00edr Fekete 1999-2005<br \/>\n\u0160tefan Turansk\u00fd 2005-2008<br \/>\nKarol Man\u00edk 2008-2014<\/p>\n<p>Slovensk\u00e1 provincia m\u00e1 aktu\u00e1lne 212 spolubratov, ktor\u00ed p\u00f4sobia v 18 mest\u00e1ch Slovenska. Do slovenskej provincie patria aj dve komunity v Rusku a jedna v Azerbajd\u017eane.<\/p>\n<p>Informoval: Rastislav Hamr\u00e1\u010dek SDB<\/p>\n","protected":false},"excerpt":{"rendered":"<p>(Bratislava, 8. janu\u00e1ra 2014) \u2013 Salezi\u00e1ni dona Bosca na Slovensku maj\u00fa nov\u00e9ho provinci\u00e1la. Je n\u00edm PhLic. Jozef I\u017eold SDB. Hlavn\u00fd predstaven\u00fd salezi\u00e1nov don Pascual Ch\u00e1vez ho vymenoval na z\u00e1klade obozn\u00e1menia sa s mienkou spolubratov&#46;&#46;&#46;<\/p>\n","protected":false},"author":3,"featured_media":269,"comment_status":"open","ping_status":"open","sticky":false,"template":"","format":"standard","meta":{"ngg_post_thumbnail":0},"categories":[24,1],"tags":[],"_links":{"self":[{"href":"https:\/\/www.skmisia.ch\/index.php?rest_route=\/wp\/v2\/posts\/268"}],"collection":[{"href":"https:\/\/www.skmisia.ch\/index.php?rest_route=\/wp\/v2\/posts"}],"about":[{"href":"https:\/\/www.skmisia.ch\/index.php?rest_route=\/wp\/v2\/types\/post"}],"author":[{"embeddable":true,"href":"https:\/\/www.skmisia.ch\/index.php?rest_route=\/wp\/v2\/users\/3"}],"replies":[{"embeddable":true,"href":"https:\/\/www.skmisia.ch\/index.php?rest_route=%2Fwp%2Fv2%2Fcomments&post=268"}],"version-history":[{"count":3,"href":"https:\/\/www.skmisia.ch\/index.php?rest_route=\/wp\/v2\/posts\/268\/revisions"}],"predecessor-version":[{"id":275,"href":"https:\/\/www.skmisia.ch\/index.php?rest_route=\/wp\/v2\/posts\/268\/revisions\/275"}],"wp:featuredmedia":[{"embeddable":true,"href":"https:\/\/www.skmisia.ch\/index.php?rest_route=\/wp\/v2\/media\/269"}],"wp:attachment":[{"href":"https:\/\/www.skmisia.ch\/index.php?rest_route=%2Fwp%2Fv2%2Fmedia&parent=268"}],"wp:term":[{"taxonomy":"category","embeddable":true,"href":"https:\/\/www.skmisia.ch\/index.php?rest_route=%2Fwp%2Fv2%2Fcategories&post=268"},{"taxonomy":"post_tag","embeddable":true,"href":"https:\/\/www.skmisia.ch\/index.php?rest_route=%2Fwp%2Fv2%2Ftags&post=268"}],"curies":[{"name":"wp","href":"https:\/\/api.w.org\/{rel}","templated":true}]}}