{"id":2676,"date":"2014-11-11T19:43:37","date_gmt":"2014-11-11T18:43:37","guid":{"rendered":"https:\/\/www.skmisia.ch\/?p=2676"},"modified":"2019-04-08T21:09:16","modified_gmt":"2019-04-08T20:09:16","slug":"oznamy-na-33-nedelu","status":"publish","type":"post","link":"https:\/\/www.skmisia.ch\/?p=2676","title":{"rendered":"Oznamy na 33. nede\u013eu"},"content":{"rendered":"<p align=\"center\"><a href=\"https:\/\/www.skmisia.ch\/wp-content\/uploads\/2014\/11\/1.jpg\"><img decoding=\"async\" loading=\"lazy\" class=\"alignnone size-full wp-image-2677\" alt=\"1\" src=\"https:\/\/www.skmisia.ch\/wp-content\/uploads\/2014\/11\/1.jpg\" width=\"234\" height=\"216\" \/><\/a><\/p>\n<p align=\"center\"><b>SLOVENSK<\/b><b>\u00c1 KATOL\u00cdCKA MISIA, BRAUERSTRA<\/b><b>SSe<\/b><b>\u00a0<\/b><b>99; 8004 Z\u00dcRICH<\/b><b><\/b><\/p>\n<p align=\"center\"><b>T\/F: 0041 44 241 50 22<\/b><b><\/b><\/p>\n<div align=\"center\">\n<hr align=\"center\" size=\"2\" width=\"100%\" \/>\n<\/div>\n<p>Oznamy na 33. nede\u013eu v obdob\u00ed cez rok.<\/p>\n<p>Liturgick\u00fd kalend\u00e1r:<\/p>\n<p>V pondelok je spomienka sv. Al\u017ebety Uhorskej, reho\u013en\u00ed\u010dky.<\/p>\n<p>V\u00a0piatok je spomienka Obetovanie Panny M\u00e1rie.<\/p>\n<p>V sobotu je spomienka sv. Cec\u00edlie, panny a mu\u010denice.<\/p>\n<p>Bud\u00faca nede\u013ea je 34. nede\u013ea v obdob\u00ed cez rok, sl\u00e1vnos\u0165 Krista Kr\u00e1\u013ea.<\/p>\n<p>&nbsp;<\/p>\n<p>Dnes po sv. om\u0161i je Detsk\u00fd katechizmus, pozvan\u00e9 s\u00fa v\u0161etky deti od 6 rokov.<\/p>\n<p>Na bud\u00faci t\u00fd\u017ede\u0148 n\u00e1cvik detsk\u00e9ho zboru a z pr\u00edle\u017eitosti sv. Cec\u00edlie urob\u00edme Casting sv. Cec\u00edle, ktor\u00e1 je kamar\u00e1tka so sv. Mikul\u00e1\u0161om. (a na jeho n\u00e1v\u0161tevu sa chceme pripravi\u0165). Deti, ktor\u00e9 sa chc\u00fa z\u00fa\u010dastni\u0165 stretnutia s Mikul\u00e1\u0161om, nech rodi\u010dia nahl\u00e1sia Zlatke Bodr\u00edkovej a\u00a0pr\u00eddu na bud\u00facu nede\u013eu na n\u00e1cvik Mikul\u00e1\u0161skeho programu.<\/p>\n<p>Pripom\u00ednam de\u0165om Mikul\u00e1\u0161ku zlat\u00fa re\u0165az.<\/p>\n<p>Po sv. om\u0161i asi o 11:15 bude v Miestnosti A stretnutie Misijnej rady.<\/p>\n<p>Dnes o 17:00 na talianskej misii v\u00e1s (v\u0161etk\u00fdch) poz\u00fdvame na diskusn\u00e9 stretnutie s p Gabriel Taus (pr\u00edslu\u0161n\u00edkom \u017eidovsk\u00e9ho etnika, bude pribl\u00ed\u017ei a objasn\u00ed n\u00e1m \u017eidovsk\u00e9 trad\u00edcie).<\/p>\n<p>V stredu bude sv. om\u0161a o 20:00 v kostole sv. J\u00e1na Bosca na Talianskej misii. Stretnutie spevokolu je \u00bd hodimu pred sv. om\u0161ou. Bude aj brig\u00e1da.<\/p>\n<p>Vo \u0161tvrtok bude \u0161portov\u00fd kr\u00fa\u017eok liga.<\/p>\n<p>V\u00a0piatok bude tak ako obvykle ml\u00e1de\u017en\u00edcko-biblick\u00e9 stretko. Stret\u00e1me sa v\u00a0piatok o\u00a019:30 na Talianskej misii.<\/p>\n<p>Pri modlitebn\u00fdch kni\u017ek\u00e1ch a pri v\u00fdchode z kostola n\u00e1jdete nov\u00e9 \u010d\u00edslo Misijn\u00e9ho inform\u00e1tora s komplet programom <b>DUCHOVNEJ OBNOVY 28.-30. Novembra 2014<\/b>. U\u017e len dva t\u00fd\u017edne n\u00e1s delia od duchovn\u00e9ho zimn\u00e9ho mi\u013en\u00edka. Kazate\u013e- p\u00e1ter Michal Zamkovsk\u00fd + misijn\u00e1 skupina Rieka \u017eivota.<\/p>\n<ul>\n<li>Man\u017eelsk\u00e9 ohl\u00e1\u0161ky pri modlitebn\u00fdch knih\u00e1ch. Sviatos\u0165 man\u017eelstva sa rozhodli uzavrie\u0165 Jaroslav Husla z\u00a0Trstenej a\u00a0Veronika Bjalo\u0148ov\u00e1 z\u00a0Trstenej (Toho \u010dasu sa zdr\u017euj\u00fa pri Lucerne). Kto by vedel o\u00a0z\u00e1va\u017en\u00fdch prek\u00e1\u017ekach, nech upovedom\u00ed otca Pavla.<\/li>\n<\/ul>\n","protected":false},"excerpt":{"rendered":"<p>SLOVENSK\u00c1 KATOL\u00cdCKA MISIA, BRAUERSTRASSe\u00a099; 8004 Z\u00dcRICH T\/F: 0041 44 241 50 22 Oznamy na 33. nede\u013eu v obdob\u00ed cez rok. Liturgick\u00fd kalend\u00e1r: V pondelok je spomienka sv. Al\u017ebety Uhorskej, reho\u013en\u00ed\u010dky. V\u00a0piatok je spomienka Obetovanie&#46;&#46;&#46;<\/p>\n","protected":false},"author":3,"featured_media":2677,"comment_status":"open","ping_status":"closed","sticky":false,"template":"","format":"standard","meta":{"ngg_post_thumbnail":0},"categories":[24,1],"tags":[],"_links":{"self":[{"href":"https:\/\/www.skmisia.ch\/index.php?rest_route=\/wp\/v2\/posts\/2676"}],"collection":[{"href":"https:\/\/www.skmisia.ch\/index.php?rest_route=\/wp\/v2\/posts"}],"about":[{"href":"https:\/\/www.skmisia.ch\/index.php?rest_route=\/wp\/v2\/types\/post"}],"author":[{"embeddable":true,"href":"https:\/\/www.skmisia.ch\/index.php?rest_route=\/wp\/v2\/users\/3"}],"replies":[{"embeddable":true,"href":"https:\/\/www.skmisia.ch\/index.php?rest_route=%2Fwp%2Fv2%2Fcomments&post=2676"}],"version-history":[{"count":2,"href":"https:\/\/www.skmisia.ch\/index.php?rest_route=\/wp\/v2\/posts\/2676\/revisions"}],"predecessor-version":[{"id":2679,"href":"https:\/\/www.skmisia.ch\/index.php?rest_route=\/wp\/v2\/posts\/2676\/revisions\/2679"}],"wp:featuredmedia":[{"embeddable":true,"href":"https:\/\/www.skmisia.ch\/index.php?rest_route=\/wp\/v2\/media\/2677"}],"wp:attachment":[{"href":"https:\/\/www.skmisia.ch\/index.php?rest_route=%2Fwp%2Fv2%2Fmedia&parent=2676"}],"wp:term":[{"taxonomy":"category","embeddable":true,"href":"https:\/\/www.skmisia.ch\/index.php?rest_route=%2Fwp%2Fv2%2Fcategories&post=2676"},{"taxonomy":"post_tag","embeddable":true,"href":"https:\/\/www.skmisia.ch\/index.php?rest_route=%2Fwp%2Fv2%2Ftags&post=2676"}],"curies":[{"name":"wp","href":"https:\/\/api.w.org\/{rel}","templated":true}]}}