{"id":2653,"date":"2014-11-11T19:42:19","date_gmt":"2014-11-11T18:42:19","guid":{"rendered":"https:\/\/www.skmisia.ch\/?p=2653"},"modified":"2019-04-08T21:09:16","modified_gmt":"2019-04-08T20:09:16","slug":"oznamy-na-32-nedelu","status":"publish","type":"post","link":"https:\/\/www.skmisia.ch\/?p=2653","title":{"rendered":"Oznamy na 32. nede\u013eu"},"content":{"rendered":"<p align=\"center\"><b>SLOVENSK<\/b><b>\u00c1 KATOL\u00cdCKA MISIA, BRAUERSTRA<\/b><b>SSe<\/b><b>\u00a0<\/b><b>99; 8004 Z\u00dcRICH<\/b><b><\/b><\/p>\n<p align=\"center\"><b>T\/F: 0041 44 241 50 22<\/b><b><\/b><\/p>\n<div align=\"center\">\n<hr align=\"center\" size=\"2\" width=\"100%\" \/>\n<\/div>\n<p>Oznamy na 32. nede\u013eu v obdob\u00ed cez rok.<\/p>\n<p>Liturgick\u00fd kalend\u00e1r:<\/p>\n<p>V pondelok je sv. Leva Ve\u013ek\u00e9ho, p\u00e1pe\u017ea a u\u010dite\u013ea Cirkvi.<\/p>\n<p>V\u00a0utorok je spomienka sv. Martina Tours, biskupa.<\/p>\n<p>V\u00a0stredu je spomienka sv. Jozaf\u00e1ta, biskupa a\u00a0mu\u010den\u00edka.<\/p>\n<p>V sobotu je \u013eubovo\u013en\u00e1 spomienka Panny M\u00e1rie v sobotu.<\/p>\n<p>Bud\u00faca nede\u013ea je 33. nede\u013ea v obdob\u00ed cez rok.<\/p>\n<p>&nbsp;<\/p>\n<p>Dnes po sv. om\u0161i je n\u00e1cvik detsk\u00e9ho zboru na pr\u00edzem\u00ed v Pastora\u010dnom centre.<\/p>\n<p>Detsk\u00fd katechizmus bude na bud\u00faci t\u00fd\u017ede\u0148.<\/p>\n<p>V stredu bude sv. om\u0161a o 20:00 v kostole sv. J\u00e1na Bosca na Talianskej misii. Stretnutie spevokolu je \u00bd hodimu pred sv. om\u0161ou. Bude aj brig\u00e1da.<\/p>\n<p><span style=\"line-height: 1.5em;\">Vo \u0161tvrtok bude \u0161portov\u00fd kr\u00fa\u017eok liga majstrov.<\/span><\/p>\n<p><span style=\"line-height: 1.5em;\">V piatok ml\u00e1de\u017en\u00edcko-biblick\u00e9 stretko nebude. Pos\u00fava sa na bud\u00facu nede\u013eu o\u00a017:00 z\u00a0d\u00f4vodu, \u017ee v\u0161etci sme pozvan\u00ed na stretnutie o \u201e\u017didovskej kult\u00fare a\u00a0trad\u00edci\u00e1ch.\u201c Diskusie sa z\u00fa\u010dastn\u00ed \u00a0aj miestny pr\u00edslu\u0161n\u00edk \u017eidovskej komunity .<\/span><\/p>\n<p>Pri modlitebn\u00fdch kni\u017ek\u00e1ch n\u00e1jdete komplet program <b>DUCHOVNEJ OBNOVY 28.-30. Novembra 2014<\/b>. Pros\u00edm, aby sme ni\u010d neuprednostnili pred svojou du\u0161ou a\u00a0zaznamenali si tento d\u00e1tum do svojich mobilov, denn\u00edkov, di\u00e1rov a\u00a0kalend\u00e1rov.<\/p>\n<p><span style=\"line-height: 1.5em;\">Na bud\u00facu nede\u013eu bude misijn\u00e1 rada, bude sa zaobera\u0165 mimoriadnou pastora\u010dnou n\u00e1v\u0161tevou biskupa na na\u0161ej misii, jeho excelencie sv. Mikul\u00e1\u0161a z\u00a0Myry. Deti, ktor\u00e9 sa chc\u00fa z\u00fa\u010dastni\u0165 stretnutia, nech rodi\u010dia nahl\u00e1sia Zlatke Bodr\u00edkovej a\u00a0pr\u00eddu i na n\u00e1cvik Mikul\u00e1\u0161skeho programu, ktor\u00fd je v novembri po sv. om\u0161iach-na detskom zbore.<\/span><\/p>\n","protected":false},"excerpt":{"rendered":"<p>SLOVENSK\u00c1 KATOL\u00cdCKA MISIA, BRAUERSTRASSe\u00a099; 8004 Z\u00dcRICH T\/F: 0041 44 241 50 22 Oznamy na 32. nede\u013eu v obdob\u00ed cez rok. Liturgick\u00fd kalend\u00e1r: V pondelok je sv. Leva Ve\u013ek\u00e9ho, p\u00e1pe\u017ea a u\u010dite\u013ea Cirkvi. V\u00a0utorok je&#46;&#46;&#46;<\/p>\n","protected":false},"author":3,"featured_media":2654,"comment_status":"open","ping_status":"closed","sticky":false,"template":"","format":"standard","meta":{"ngg_post_thumbnail":0},"categories":[24,1],"tags":[],"_links":{"self":[{"href":"https:\/\/www.skmisia.ch\/index.php?rest_route=\/wp\/v2\/posts\/2653"}],"collection":[{"href":"https:\/\/www.skmisia.ch\/index.php?rest_route=\/wp\/v2\/posts"}],"about":[{"href":"https:\/\/www.skmisia.ch\/index.php?rest_route=\/wp\/v2\/types\/post"}],"author":[{"embeddable":true,"href":"https:\/\/www.skmisia.ch\/index.php?rest_route=\/wp\/v2\/users\/3"}],"replies":[{"embeddable":true,"href":"https:\/\/www.skmisia.ch\/index.php?rest_route=%2Fwp%2Fv2%2Fcomments&post=2653"}],"version-history":[{"count":1,"href":"https:\/\/www.skmisia.ch\/index.php?rest_route=\/wp\/v2\/posts\/2653\/revisions"}],"predecessor-version":[{"id":2655,"href":"https:\/\/www.skmisia.ch\/index.php?rest_route=\/wp\/v2\/posts\/2653\/revisions\/2655"}],"wp:featuredmedia":[{"embeddable":true,"href":"https:\/\/www.skmisia.ch\/index.php?rest_route=\/wp\/v2\/media\/2654"}],"wp:attachment":[{"href":"https:\/\/www.skmisia.ch\/index.php?rest_route=%2Fwp%2Fv2%2Fmedia&parent=2653"}],"wp:term":[{"taxonomy":"category","embeddable":true,"href":"https:\/\/www.skmisia.ch\/index.php?rest_route=%2Fwp%2Fv2%2Fcategories&post=2653"},{"taxonomy":"post_tag","embeddable":true,"href":"https:\/\/www.skmisia.ch\/index.php?rest_route=%2Fwp%2Fv2%2Ftags&post=2653"}],"curies":[{"name":"wp","href":"https:\/\/api.w.org\/{rel}","templated":true}]}}