{"id":2649,"date":"2014-11-07T20:16:27","date_gmt":"2014-11-07T19:16:27","guid":{"rendered":"https:\/\/www.skmisia.ch\/?p=2649"},"modified":"2019-04-08T21:09:16","modified_gmt":"2019-04-08T20:09:16","slug":"predstavujeme-vam-spolocenstvo-veriacich-v-berne","status":"publish","type":"post","link":"https:\/\/www.skmisia.ch\/?p=2649","title":{"rendered":"Predstavujeme v\u00e1m spolo\u010denstvo veriacich v Berne"},"content":{"rendered":"<p dir=\"ltr\">S\u00fa\u010das\u0165ou Slovenskej Katol\u00edckej Misie vo Svaj\u010diarsku je u\u017e mnoho rokov aj komunita v Berne. Zah\u0155\u0148a slovensky hovoriacich veriacich a ich priate\u013eov najm\u00e4 z kant\u00f3nu Bern, ale aj Friburg, Solothurn \u010di Neuchatel. Stret\u00e1vame sa na sv\u00e4t\u00fdch om\u0161iach ka\u017ed\u00fa druh\u00fa a \u0161tvrt\u00fa Sobotu v mesiaci, v kostole sv\u00e4tej trojice (Dreifaltigkeitskirche) v Berne.<\/p>\n<p dir=\"ltr\">Doteraz sme v\u017edy mali \u0161tastie na obetav\u00fdch mision\u00e1rov, aj v\u010faka ktor\u00fdm sa na\u0161a komunita rozr\u00e1stla o ve\u013ea preva\u017ene mlad\u00fdch \u013eud\u00ed. A to a\u017e tak, \u017ee sa n\u00e1m podarilo obohati\u0165 na\u0161e om\u0161e spevom mlade\u017en\u00edck\u00fdch piesn\u00ed. Tie\u017e podporuj\u00fa na\u0161e deti v akt\u00edvnej particip\u00e1cii, \u010di u\u017e mini\u0161trovan\u00edm, alebo \u010d\u00edtan\u00edm p\u00edsma a najmen\u0161\u00edch v\u017edy odmenia sladkos\u0165ami. V neposlednom rade im patr\u00ed v\u010faka za mo\u017enost pr\u00edpravy k sviatostiam priamo u n\u00e1s.<\/p>\n<p dir=\"ltr\">Na\u0161a komunita m\u00e1 \u010dast\u00e9 zast\u00fapenie na p\u00fa\u0165ach Slovenskej misie, ako aj duchovn\u00fdch obnov\u00e1ch. K akci\u00e1m organizovan\u00fdm na\u0161ou komunitou patr\u00ed tradi\u010dne Mikul\u00e1\u0161 a v posledn\u00fdch rokoch Katar\u00ednska z\u00e1bava.<\/p>\n<p dir=\"ltr\">Po\u010dtom sme stredne ve\u013ek\u00e9 spolo\u010denstvo. Sv\u00e4t\u00e9 om\u0161e nav\u0161tevuje pravidelne 30-40 veriacich v\u0161etk\u00fdch vekov\u00fdch kateg\u00f3ri\u00ed, od rod\u00edn s mal\u00fdmi de\u0165mi a\u017e po seniorov. Z toho d\u00f4vodu tam vl\u00e1dne takmer rodinn\u00e1 atmosf\u00e9ra, ktor\u00e1 pretrv\u00e1va aj na n\u00e1slednom poseden\u00ed pri k\u00e1ve, \u010di men\u0161om ob\u010derstven\u00ed.<\/p>\n<p dir=\"ltr\">Pre mnoho Slov\u00e1kov \u017eij\u00facich v bli\u017e\u0161om \u010di vzdialenej\u0161om okol\u00ed, je to mo\u017enos\u0165 nadviaza\u0165 pr\u00edpadne udr\u017eiava\u0165 kontakt s krajanmi. Pre tu vyrastaj\u00face deti, \u010dasto zriedkav\u00fa, mo\u017enos\u0165 stretnutia s da\u013e\u0161\u00edmi slovensky hovoriacimi kamar\u00e1tmi. Preto, \u010di u\u017e ste v Berne nov\u00ed, na n\u00e1v\u0161teve alebo len Bernom prech\u00e1dzate, radi v\u00e1s medzi sebou priv\u00edtame.<\/p>\n<p dir=\"ltr\">Michal \u0160kotta<\/p>\n","protected":false},"excerpt":{"rendered":"<p>S\u00fa\u010das\u0165ou Slovenskej Katol\u00edckej Misie vo Svaj\u010diarsku je u\u017e mnoho rokov aj komunita v Berne. Zah\u0155\u0148a slovensky hovoriacich veriacich a ich priate\u013eov najm\u00e4 z kant\u00f3nu Bern, ale aj Friburg, Solothurn \u010di Neuchatel. Stret\u00e1vame sa na&#46;&#46;&#46;<\/p>\n","protected":false},"author":4,"featured_media":2652,"comment_status":"open","ping_status":"closed","sticky":false,"template":"","format":"standard","meta":{"ngg_post_thumbnail":0},"categories":[5,24,1],"tags":[19,17,18,16],"_links":{"self":[{"href":"https:\/\/www.skmisia.ch\/index.php?rest_route=\/wp\/v2\/posts\/2649"}],"collection":[{"href":"https:\/\/www.skmisia.ch\/index.php?rest_route=\/wp\/v2\/posts"}],"about":[{"href":"https:\/\/www.skmisia.ch\/index.php?rest_route=\/wp\/v2\/types\/post"}],"author":[{"embeddable":true,"href":"https:\/\/www.skmisia.ch\/index.php?rest_route=\/wp\/v2\/users\/4"}],"replies":[{"embeddable":true,"href":"https:\/\/www.skmisia.ch\/index.php?rest_route=%2Fwp%2Fv2%2Fcomments&post=2649"}],"version-history":[{"count":1,"href":"https:\/\/www.skmisia.ch\/index.php?rest_route=\/wp\/v2\/posts\/2649\/revisions"}],"predecessor-version":[{"id":2651,"href":"https:\/\/www.skmisia.ch\/index.php?rest_route=\/wp\/v2\/posts\/2649\/revisions\/2651"}],"wp:featuredmedia":[{"embeddable":true,"href":"https:\/\/www.skmisia.ch\/index.php?rest_route=\/wp\/v2\/media\/2652"}],"wp:attachment":[{"href":"https:\/\/www.skmisia.ch\/index.php?rest_route=%2Fwp%2Fv2%2Fmedia&parent=2649"}],"wp:term":[{"taxonomy":"category","embeddable":true,"href":"https:\/\/www.skmisia.ch\/index.php?rest_route=%2Fwp%2Fv2%2Fcategories&post=2649"},{"taxonomy":"post_tag","embeddable":true,"href":"https:\/\/www.skmisia.ch\/index.php?rest_route=%2Fwp%2Fv2%2Ftags&post=2649"}],"curies":[{"name":"wp","href":"https:\/\/api.w.org\/{rel}","templated":true}]}}