{"id":2646,"date":"2014-11-07T15:29:32","date_gmt":"2014-11-07T14:29:32","guid":{"rendered":"https:\/\/www.skmisia.ch\/?p=2646"},"modified":"2019-04-08T21:09:16","modified_gmt":"2019-04-08T20:09:16","slug":"bliziace-sa-adventne-a-vianocne-koncerty","status":"publish","type":"post","link":"https:\/\/www.skmisia.ch\/?p=2646","title":{"rendered":"Bl\u00ed\u017eiace sa adventn\u00e9 a viano\u010dn\u00e9 koncerty"},"content":{"rendered":"<p><span style=\"line-height: 1.5em;\">I ke\u010f v obchodoch si u\u017e d\u00e1vnej\u0161ie m\u00f4\u017eeme obzera\u0165 viano\u010dn\u00e9 predmety, alebo kto nevie odola\u0165, \u00a0m\u00f4\u017ee si u\u017e teraz \u00a0pochuti\u0165 na typick\u00fdch viano\u010dn\u00fdch v\u00fdrobkoch. Pr\u00edli\u0161 zav\u010dasu n\u00e1m obchodn\u00e9 centr\u00e1\u00a0 pon\u00fakaj\u00fa mno\u017estvo produktov, \u010do\u00a0 prin\u00e1\u0161a skor\u00fa nas\u00fdtenos\u0165 a u mnoh\u00fdch negat\u00edvny postoj ku kr\u00e1snym kres\u0165ansk\u00fdm sviatkom. \u00a0Zvykli sme si u\u017e na n\u00e1hlivos\u0165 obchodn\u00fdch r\u00fdchlobe\u017ecov.\u00a0 Nie\u010do pozit\u00edvne m\u00e1 predsa len t\u00e1 n\u00e1hlivos\u0165. Dovol\u00ed n\u00e1m v\u010das pripravi\u0165 sa na adventn\u00fd \u010das\u00a0 \u010di u\u017e nak\u00fapen\u00edm potrebn\u00e9ho materi\u00e1lu k vlastnoru\u010dn\u00e9mu zhotoveniu viano\u010dn\u00fdch dar\u010dekov, viano\u010dn\u00fdch ozd\u00f4b. Dobrou organiz\u00e1ciou a rozvahou si zadov\u00e1\u017eime dostatok pozit\u00edvneho \u010dasu a ochr\u00e1nime sa pred psychickou z\u00e1\u0165a\u017eou pr\u00edprav Vianoc na posledn\u00fa chv\u00ed\u013eu.<\/span><\/p>\n<p>Ak si pripomenieme prv\u00fa advetn\u00fa nede\u013eu a s \u0148ou zap\u00e1lenie prvej adventnej svie\u010dky, m\u00f4\u017eeme sa vn\u00fatorne dostato\u010dne\u00a0 venova\u0165 pr\u00edprave milostipln\u00e9ho \u010dasu. Asi niet kostola vo \u0160vaj\u010diarsku, kde by nezaznel adventn\u00fd, alebo viano\u010dn\u00fd koncert r\u00f4zneho druhu \u2013 symfonick\u00e9 orchestre, zborov\u00e9 spevy, komorn\u00e9 teles\u00e1, dychov\u00e9 hudby, gospel, detsk\u00e9 hudobn\u00e9 prednesy, spievan\u00e9 koledy, v\u00fdber naozaj dosta\u010duj\u00faci pre ka\u017ed\u00e9ho z n\u00e1s. \u00a0Nielen koncerty m\u00f4\u017eu skr\u00e1\u0161li\u0165 a obohati\u0165 adventn\u00e9 obdobie, ale i Bohoslu\u017eby\u00a0 sprev\u00e1dzan\u00e9 hudobn\u00fdmi n\u00e1strojmi\u00a0 a spevom . \u00a0Pri po\u010d\u00favan\u00ed liturgickej hudby sa stret\u00e1vame s Bohom, otv\u00e1rame na\u0161e vn\u00fatro k vn\u00edmaniu citov, \u010do je pr\u00ednosom na\u0161ej vn\u00fatornej rezonancie, meditujeme.<\/p>\n<p>Preto ak je n\u00e1m mo\u017en\u00e9, vst\u00fapme do chr\u00e1mu a nechajme sa nies\u0165 hudbou, sprev\u00e1dzan\u00fdm slovom a tak sa pokojne a bez zhonu \u00a0priprav\u00ed\u0165 na udalos\u0165, ktor\u00e1 sa odohrala v Betleheme. Ka\u017edoro\u010dne \u00a0n\u00e1m hudba pon\u00faka ve\u013ek\u00fa pr\u00edle\u017eitos\u0165\u00a0 bli\u017e\u0161ie sa posun\u00fa\u0165 k pochopeniu a pre\u017eitiu bo\u017esk\u00e9ho tajomstva, \u017ee syn Bo\u017e\u00ed sa stal \u010dlovekom.<\/p>\n<p>Marta van Ooijen \u2013 \u0160uvadov\u00e1<\/p>\n<p>&nbsp;<\/p>\n","protected":false},"excerpt":{"rendered":"<p>I ke\u010f v obchodoch si u\u017e d\u00e1vnej\u0161ie m\u00f4\u017eeme obzera\u0165 viano\u010dn\u00e9 predmety, alebo kto nevie odola\u0165, \u00a0m\u00f4\u017ee si u\u017e teraz \u00a0pochuti\u0165 na typick\u00fdch viano\u010dn\u00fdch v\u00fdrobkoch. Pr\u00edli\u0161 zav\u010dasu n\u00e1m obchodn\u00e9 centr\u00e1\u00a0 pon\u00fakaj\u00fa mno\u017estvo produktov, \u010do\u00a0 prin\u00e1\u0161a&#46;&#46;&#46;<\/p>\n","protected":false},"author":3,"featured_media":198,"comment_status":"open","ping_status":"closed","sticky":false,"template":"","format":"standard","meta":{"ngg_post_thumbnail":0},"categories":[24,1],"tags":[],"_links":{"self":[{"href":"https:\/\/www.skmisia.ch\/index.php?rest_route=\/wp\/v2\/posts\/2646"}],"collection":[{"href":"https:\/\/www.skmisia.ch\/index.php?rest_route=\/wp\/v2\/posts"}],"about":[{"href":"https:\/\/www.skmisia.ch\/index.php?rest_route=\/wp\/v2\/types\/post"}],"author":[{"embeddable":true,"href":"https:\/\/www.skmisia.ch\/index.php?rest_route=\/wp\/v2\/users\/3"}],"replies":[{"embeddable":true,"href":"https:\/\/www.skmisia.ch\/index.php?rest_route=%2Fwp%2Fv2%2Fcomments&post=2646"}],"version-history":[{"count":1,"href":"https:\/\/www.skmisia.ch\/index.php?rest_route=\/wp\/v2\/posts\/2646\/revisions"}],"predecessor-version":[{"id":2647,"href":"https:\/\/www.skmisia.ch\/index.php?rest_route=\/wp\/v2\/posts\/2646\/revisions\/2647"}],"wp:featuredmedia":[{"embeddable":true,"href":"https:\/\/www.skmisia.ch\/index.php?rest_route=\/wp\/v2\/media\/198"}],"wp:attachment":[{"href":"https:\/\/www.skmisia.ch\/index.php?rest_route=%2Fwp%2Fv2%2Fmedia&parent=2646"}],"wp:term":[{"taxonomy":"category","embeddable":true,"href":"https:\/\/www.skmisia.ch\/index.php?rest_route=%2Fwp%2Fv2%2Fcategories&post=2646"},{"taxonomy":"post_tag","embeddable":true,"href":"https:\/\/www.skmisia.ch\/index.php?rest_route=%2Fwp%2Fv2%2Ftags&post=2646"}],"curies":[{"name":"wp","href":"https:\/\/api.w.org\/{rel}","templated":true}]}}