{"id":2643,"date":"2014-11-07T15:25:44","date_gmt":"2014-11-07T14:25:44","guid":{"rendered":"https:\/\/www.skmisia.ch\/?p=2643"},"modified":"2019-04-08T21:09:17","modified_gmt":"2019-04-08T20:09:17","slug":"oznamy-na-31-nedelu","status":"publish","type":"post","link":"https:\/\/www.skmisia.ch\/?p=2643","title":{"rendered":"Oznamy na 31. nede\u013eu"},"content":{"rendered":"<p align=\"center\"><b>SLOVENSK<\/b><b>\u00c1 KATOL\u00cdCKA MISIA, BRAUERSTRA<\/b><b>SSe<\/b><b>\u00a0<\/b><b>99; 8004 Z\u00dcRICH<\/b><b><\/b><\/p>\n<p align=\"center\"><b>T\/F: 0041 44 241 50 22<\/b><b><\/b><\/p>\n<div align=\"center\">\n<hr align=\"center\" size=\"2\" width=\"100%\" \/>\n<\/div>\n<p>Oznamy na 31. nede\u013eu v obdob\u00ed cez rok.<\/p>\n<p>Liturgick\u00fd kalend\u00e1r:<\/p>\n<p>V\u00a0utorok je spomienka sv. Karola Borromea, biskupa<\/p>\n<p>V\u00a0stredu je \u013eubovo\u013en\u00e1 spomienka sv. Imricha<\/p>\n<p>V\u00a0piatok je 1. piatok v\u00a0mesiaci november<\/p>\n<p>V sobotu \u013eubovo\u013en\u00e1 spomienka Panny M\u00e1rie v sobotu.<\/p>\n<p>Bud\u00faca nede\u013ea je 32. nede\u013ea v obdob\u00ed cez rok \u2013 V\u00fdro\u010die posviacky Later\u00e1nskej baziliky, sviatok.<\/p>\n<p>&nbsp;<\/p>\n<p>V t\u00fdchto d\u0148och m\u00f4\u017eeme z\u00edska\u0165 \u00fapln\u00e9 odpustky, ktor\u00e9 sa m\u00f4\u017eu prip\u00edsa\u0165 zosnul\u00fdm du\u0161iam v o\u010distci. Je potrebn\u00e9 splni\u0165 nasleduj\u00face podmienky: Sv. spove\u010f, sv. prij\u00edmanie, Ver\u00edm v Boha, Ot\u010den\u00e1\u0161.<\/p>\n<p>1. Novembra je to spojen\u00e9 s n\u00e1v\u0161tevou kostola, v d\u0148och 2.-8. s n\u00e1v\u0161tevou cint\u00f3r\u00edna a modlitbou za zosnul\u00fdch.<\/p>\n<p>Dnes po sv. om\u0161i je n\u00e1cvik detsk\u00e9ho zboru na pr\u00edzem\u00ed v Pastora\u010dnom centre.<\/p>\n<p>V stredu bude sv. om\u0161a o 20:00 v kostole sv. J\u00e1na Bosca na Talianskej misii. Stretnutie spevokolu je \u00bd hodimu pred sv. om\u0161ou.<\/p>\n<p>Vo \u0161tvrtok bude \u0161portov\u00fd kr\u00fa\u017eok- misijn\u00e1 liga majstrov.<\/p>\n<p>V piatok je prv\u00fd piatok v mesiaci. Spoveda\u0165 budem \u00bd hodinu pred sv. Om\u0161ou. Sv. om\u0161a bude o 20:00 tu v Liebfrauen a po nej bude nasledova\u0165 prvopiatkov\u00e1 pobo\u017enos\u0165, po\u010das ktorej bude mo\u017enos\u0165 sv. spoved\u00ed.<\/p>\n<p>V piatok sme prezentovali filmov\u00fd dokument o evanjeliza\u010dnej skupine \u201cRieka \u017divota\u201d, ktor\u00e1 bude doprev\u00e1dza\u0165 p\u00e1tra Michala Zamkovsk\u00e9ho na Adventnej duchovnej obnove. <b>DUCHOVN\u00c1 OBNOVA 28.-30. Novembra 2014<\/b>. Pros\u00edm, aby sme ni\u010d neuprednostnili pred svojou du\u0161ou a\u00a0zaznamenali si tento d\u00e1tum do svojich mobilov, denn\u00edkov, di\u00e1rov a\u00a0kalend\u00e1rov. Ja m\u00e1m asi 3.<\/p>\n<p><i>Zdru\u017eenie Slov\u00e1kov V\u00e1s srde\u010dne poz\u00fdva na sl\u00e1vnos\u0165 pri pr\u00edle\u017eitosti <\/i><b><span style=\"text-decoration: underline;\">45. v\u00fdro\u010dia<\/span><\/b><b> <span style=\"text-decoration: underline;\">zalo\u017eenia<\/span> <span style=\"text-decoration: underline;\">Zdru\u017eenia Slov\u00e1kov vo \u0160vaj\u010diarsku<\/span>, <\/b><i>ktor\u00e1 sa bude kona\u0165\u00a0<\/i>v\u00a0<b><span style=\"text-decoration: underline;\">nede\u013eu\u00a09. novembra 2014<\/span>\u00a0<\/b>v\u00a0s\u00e1le farsk\u00e9ho domu\u00a0Bruder Klaus v\u00a0Z\u00fcrichu, Milchbuckstr. 73, so za\u010diatkom\u00a0<b>o\u00a015.00 hod. <\/b>V\u00a0sl\u00e1vnostnom programe vyst\u00fapia <i>deti zo Slovenskej \u0161koly a\u00a0\u0161k\u00f4lky i\u00a0SKM v\u00a0Z\u00fcrichu, Folkl\u00f3rny s\u00fabor KOLE\u010cKO a\u00a0opern\u00fd spev\u00e1k p. Rado Han\u00e1k. <\/i>Po\u010det miest je obmedzen\u00fd, preto pros\u00edme o\u00a0rezerv\u00e1ciu miest na mailovej adrese: <a href=\"mailto:prechodnasprava@zdruzenie.ch\"><b><i>prechodnasprava@zdruzenie.ch<\/i><\/b><\/a><\/p>\n<p><b><i>Viac inform\u00e1ci\u00ed aj na webovej str\u00e1nke: www.zdruzenie.ch<\/i><\/b><\/p>\n","protected":false},"excerpt":{"rendered":"<p>SLOVENSK\u00c1 KATOL\u00cdCKA MISIA, BRAUERSTRASSe\u00a099; 8004 Z\u00dcRICH T\/F: 0041 44 241 50 22 Oznamy na 31. nede\u013eu v obdob\u00ed cez rok. Liturgick\u00fd kalend\u00e1r: V\u00a0utorok je spomienka sv. Karola Borromea, biskupa V\u00a0stredu je \u013eubovo\u013en\u00e1 spomienka sv.&#46;&#46;&#46;<\/p>\n","protected":false},"author":3,"featured_media":2631,"comment_status":"open","ping_status":"closed","sticky":false,"template":"","format":"standard","meta":{"ngg_post_thumbnail":0},"categories":[24,1],"tags":[],"_links":{"self":[{"href":"https:\/\/www.skmisia.ch\/index.php?rest_route=\/wp\/v2\/posts\/2643"}],"collection":[{"href":"https:\/\/www.skmisia.ch\/index.php?rest_route=\/wp\/v2\/posts"}],"about":[{"href":"https:\/\/www.skmisia.ch\/index.php?rest_route=\/wp\/v2\/types\/post"}],"author":[{"embeddable":true,"href":"https:\/\/www.skmisia.ch\/index.php?rest_route=\/wp\/v2\/users\/3"}],"replies":[{"embeddable":true,"href":"https:\/\/www.skmisia.ch\/index.php?rest_route=%2Fwp%2Fv2%2Fcomments&post=2643"}],"version-history":[{"count":1,"href":"https:\/\/www.skmisia.ch\/index.php?rest_route=\/wp\/v2\/posts\/2643\/revisions"}],"predecessor-version":[{"id":2644,"href":"https:\/\/www.skmisia.ch\/index.php?rest_route=\/wp\/v2\/posts\/2643\/revisions\/2644"}],"wp:featuredmedia":[{"embeddable":true,"href":"https:\/\/www.skmisia.ch\/index.php?rest_route=\/wp\/v2\/media\/2631"}],"wp:attachment":[{"href":"https:\/\/www.skmisia.ch\/index.php?rest_route=%2Fwp%2Fv2%2Fmedia&parent=2643"}],"wp:term":[{"taxonomy":"category","embeddable":true,"href":"https:\/\/www.skmisia.ch\/index.php?rest_route=%2Fwp%2Fv2%2Fcategories&post=2643"},{"taxonomy":"post_tag","embeddable":true,"href":"https:\/\/www.skmisia.ch\/index.php?rest_route=%2Fwp%2Fv2%2Ftags&post=2643"}],"curies":[{"name":"wp","href":"https:\/\/api.w.org\/{rel}","templated":true}]}}