{"id":2630,"date":"2018-10-30T18:40:48","date_gmt":"2018-10-30T17:40:48","guid":{"rendered":"https:\/\/www.skmisia.ch\/?p=2630"},"modified":"2019-04-08T21:08:45","modified_gmt":"2019-04-08T20:08:45","slug":"vigilna-sv-omsa-sviatok-vsetkych-svatych","status":"publish","type":"post","link":"https:\/\/www.skmisia.ch\/?p=2630","title":{"rendered":"Sviatok V\u0161etk\u00fdch sv\u00e4t\u00fdch a V\u0161etk\u00fdch vern\u00fdch zosnul\u00fdch 2018"},"content":{"rendered":"<p><span style=\"color: #333333;\">V stredu 31.10. bude sv. om\u0161a o <strong>20:00<\/strong> z vig\u00edlie sl\u00e1vnosti <strong>V\u0161etk\u00fdch sv\u00e4t\u00fdch<\/strong> v kostole sv. J\u00e1na Bosca na Talianskej misii. Stretnutie spevokolu je \u00bd hodimu pred sv. om\u0161ou.<\/span><\/p>\n<p><span style=\"color: #333333;\">Vo \u0161tvrtok <strong>1.11.<\/strong> je mo\u017enos\u0165 z\u00fa\u010dastni\u0165 sa \u010deskej sv. om\u0161i v\u00a0kostole sv. J\u00e1na Bosca na Talianskej misii o <strong>19:00<\/strong>.<\/span><\/p>\n<p><span style=\"color: #333333;\">V piatok na \u201c<strong>Du\u0161i\u010dky<\/strong>\u201d bude sv. om\u0161a spojen\u00e9 s prvopiatkovou pobo\u017enos\u0165ou<\/span><span style=\"color: #333333;\">.\u00a0<\/span><span style=\"color: #333333;\">Teda Ador\u00e1cia + Spovede za\u010dn\u00fa 45 min. pred sv. Om\u0161ou. Sv. om\u0161a bude o 19:30 v Krypte- Liebfrauen a po nej bude nasledova\u0165 prvopiatkov\u00e1 pobo\u017enos\u0165. (pote\u0161\u00edme sa hudobn\u00e9mu sprev\u00e1dzaniu)<\/span><\/p>\n<p><span style=\"color: #808080;\">V t\u00fdchto d\u0148och m\u00f4\u017eeme z\u00edska\u0165 \u00fapln\u00e9 odpustky, ktor\u00e9 sa m\u00f4\u017eu prip\u00edsa\u0165 zosnul\u00fdm du\u0161iam v o\u010distci. Je potrebn\u00e9 splni\u0165 nasleduj\u00face podmienky: Sv. spove\u010f, sv. prij\u00edmanie, Ver\u00edm v Boha, Ot\u010den\u00e1\u0161.<\/span><\/p>\n<ol>\n<li><span style=\"color: #808080;\">Novembra je to spojen\u00e9 s n\u00e1v\u0161tevou kostola, v d\u0148och 2.- 8. s n\u00e1v\u0161tevou cint\u00f3r\u00edna a modlitbou za zosnul\u00fdch.<\/span><\/li>\n<\/ol>\n","protected":false},"excerpt":{"rendered":"<p>V stredu 31.10. bude sv. om\u0161a o 20:00 z vig\u00edlie sl\u00e1vnosti V\u0161etk\u00fdch sv\u00e4t\u00fdch v kostole sv. J\u00e1na Bosca na Talianskej misii. Stretnutie spevokolu je \u00bd hodimu pred sv. om\u0161ou. Vo \u0161tvrtok 1.11. je mo\u017enos\u0165&#46;&#46;&#46;<\/p>\n","protected":false},"author":3,"featured_media":2631,"comment_status":"open","ping_status":"closed","sticky":false,"template":"","format":"standard","meta":{"ngg_post_thumbnail":0},"categories":[24,1],"tags":[],"_links":{"self":[{"href":"https:\/\/www.skmisia.ch\/index.php?rest_route=\/wp\/v2\/posts\/2630"}],"collection":[{"href":"https:\/\/www.skmisia.ch\/index.php?rest_route=\/wp\/v2\/posts"}],"about":[{"href":"https:\/\/www.skmisia.ch\/index.php?rest_route=\/wp\/v2\/types\/post"}],"author":[{"embeddable":true,"href":"https:\/\/www.skmisia.ch\/index.php?rest_route=\/wp\/v2\/users\/3"}],"replies":[{"embeddable":true,"href":"https:\/\/www.skmisia.ch\/index.php?rest_route=%2Fwp%2Fv2%2Fcomments&post=2630"}],"version-history":[{"count":8,"href":"https:\/\/www.skmisia.ch\/index.php?rest_route=\/wp\/v2\/posts\/2630\/revisions"}],"predecessor-version":[{"id":9014,"href":"https:\/\/www.skmisia.ch\/index.php?rest_route=\/wp\/v2\/posts\/2630\/revisions\/9014"}],"wp:featuredmedia":[{"embeddable":true,"href":"https:\/\/www.skmisia.ch\/index.php?rest_route=\/wp\/v2\/media\/2631"}],"wp:attachment":[{"href":"https:\/\/www.skmisia.ch\/index.php?rest_route=%2Fwp%2Fv2%2Fmedia&parent=2630"}],"wp:term":[{"taxonomy":"category","embeddable":true,"href":"https:\/\/www.skmisia.ch\/index.php?rest_route=%2Fwp%2Fv2%2Fcategories&post=2630"},{"taxonomy":"post_tag","embeddable":true,"href":"https:\/\/www.skmisia.ch\/index.php?rest_route=%2Fwp%2Fv2%2Ftags&post=2630"}],"curies":[{"name":"wp","href":"https:\/\/api.w.org\/{rel}","templated":true}]}}