{"id":2627,"date":"2014-10-29T15:16:10","date_gmt":"2014-10-29T14:16:10","guid":{"rendered":"https:\/\/www.skmisia.ch\/?p=2627"},"modified":"2019-04-08T21:09:17","modified_gmt":"2019-04-08T20:09:17","slug":"oznamy-na-30-nedelu","status":"publish","type":"post","link":"https:\/\/www.skmisia.ch\/?p=2627","title":{"rendered":"Oznamy na 30. nede\u013eu"},"content":{"rendered":"<p align=\"center\"><b>SLOVENSK<\/b><b>\u00c1 KATOL\u00cdCKA MISIA, BRAUERSTRA<\/b><b>SSe<\/b><b>\u00a0<\/b><b>99; 8004 Z\u00dcRICH<\/b><b><\/b><\/p>\n<p align=\"center\"><b>T\/F: 0041 44 241 50 22<\/b><b><\/b><\/p>\n<div align=\"center\">\n<hr align=\"center\" size=\"2\" width=\"100%\" \/>\n<\/div>\n<p>Oznamy na 30. nede\u013eu v obdob\u00ed cez rok.<\/p>\n<p>Liturgick\u00fd kalend\u00e1r:<\/p>\n<p>V\u00a0utorok je sviatok sv. \u0160imona a\u00a0J\u00fadu, apo\u0161tolov<\/p>\n<p>V sobotu je sl\u00e1vnos\u0165 v\u0161etk\u00fdch sv\u00e4t\u00fdch.<\/p>\n<p>Bud\u00faca nede\u013ea je 31. nede\u013ea v obdob\u00ed cez rok \u2013 Spomienka na v\u0161etk\u00fdch vern\u00fdch zosnul\u00fdch.<\/p>\n<p>&nbsp;<\/p>\n<p>V t\u00fdchto d\u0148och m\u00f4\u017eeme z\u00edska\u0165 \u00fapln\u00e9 odpustky, ktor\u00e9 sa m\u00f4\u017eu prip\u00edsa\u0165 zosnul\u00fdm du\u0161iam v o\u010distci.<\/p>\n<p>Treba splni\u0165 nasleduj\u00face podmienky: Sv. spove\u010f, sv. prij\u00edmanie, Ver\u00edm v Boha, Ot\u010den\u00e1\u0161.<\/p>\n<p>1. Novembra je to spojen\u00e9 s n\u00e1v\u0161tevou kostola, v d\u0148och 2.-8. s n\u00e1v\u0161tevou cint\u00f3r\u00edna a modlitbou za zosnul\u00fdch.<\/p>\n<p>&nbsp;<\/p>\n<p>Dnes po sv. om\u0161i je detsk\u00fd zbor na pr\u00edzem\u00ed v Pastora\u010dnom centre. Sladkosti pr\u00edjdem rozda\u0165 tam.<\/p>\n<p>&nbsp;<\/p>\n<p>V stredu bude sv. om\u0161a o 20:00 v kostole sv. J\u00e1na Bosca na Talianskej misii. Stretnutie spevokolu je \u00bd hodimu pred sv. om\u0161ou.<\/p>\n<p>&nbsp;<\/p>\n<p>Vo \u0161tvrtok bude \u0161portov\u00fd kr\u00fa\u017eok- misijn\u00e1 liga majstrov.<\/p>\n<p>&nbsp;<\/p>\n<p>V piatok 31.10. bude v\u00edg\u00edlna sv. om\u0161a zo sviatku V\u0161etk\u00fdch sv\u00e4t\u00fdch. Sv. om\u0161a bude o 19:00 na Talianskej misii- kostol dona Bosca a po nej v\u00e1s poz\u00fdvame na premietanie a propag\u00e1ciu filmov\u00e9ho dokumentu o evanjeliza\u010dnej skupine \u201cRieka \u017divota\u201d, ktor\u00e1 bude doprev\u00e1dza\u0165 p\u00e1tra Michala Zamkovsk\u00e9ho na Adventnej duchovnej obnove.<\/p>\n<p><b>DUCHOVN\u00c1 OBNOVA 28.-30. Novembra 2014<\/b>. Pros\u00edm, aby sme ni\u010d neuprednostnili pred svojou du\u0161ou a\u00a0zaznamenali si tento d\u00e1tum do svojich mobilov, denn\u00edkov, di\u00e1rov a\u00a0kalend\u00e1rov. Ja m\u00e1m asi 3.<\/p>\n<p>&nbsp;<\/p>\n<p>\u00daprimn\u00e9 P\u00e1n Boh zapla\u0165 za v\u00e1\u0161 nezi\u0161tn\u00fd milodar v\u00a0prospech chudobn\u00fdch a\u00a0misi\u00ed, ktor\u00fdm sme pomohli sumou 435 CHF.<\/p>\n","protected":false},"excerpt":{"rendered":"<p>SLOVENSK\u00c1 KATOL\u00cdCKA MISIA, BRAUERSTRASSe\u00a099; 8004 Z\u00dcRICH T\/F: 0041 44 241 50 22 Oznamy na 30. nede\u013eu v obdob\u00ed cez rok. Liturgick\u00fd kalend\u00e1r: V\u00a0utorok je sviatok sv. \u0160imona a\u00a0J\u00fadu, apo\u0161tolov V sobotu je sl\u00e1vnos\u0165 v\u0161etk\u00fdch&#46;&#46;&#46;<\/p>\n","protected":false},"author":3,"featured_media":2628,"comment_status":"open","ping_status":"closed","sticky":false,"template":"","format":"standard","meta":{"ngg_post_thumbnail":0},"categories":[24,1],"tags":[],"_links":{"self":[{"href":"https:\/\/www.skmisia.ch\/index.php?rest_route=\/wp\/v2\/posts\/2627"}],"collection":[{"href":"https:\/\/www.skmisia.ch\/index.php?rest_route=\/wp\/v2\/posts"}],"about":[{"href":"https:\/\/www.skmisia.ch\/index.php?rest_route=\/wp\/v2\/types\/post"}],"author":[{"embeddable":true,"href":"https:\/\/www.skmisia.ch\/index.php?rest_route=\/wp\/v2\/users\/3"}],"replies":[{"embeddable":true,"href":"https:\/\/www.skmisia.ch\/index.php?rest_route=%2Fwp%2Fv2%2Fcomments&post=2627"}],"version-history":[{"count":1,"href":"https:\/\/www.skmisia.ch\/index.php?rest_route=\/wp\/v2\/posts\/2627\/revisions"}],"predecessor-version":[{"id":2629,"href":"https:\/\/www.skmisia.ch\/index.php?rest_route=\/wp\/v2\/posts\/2627\/revisions\/2629"}],"wp:featuredmedia":[{"embeddable":true,"href":"https:\/\/www.skmisia.ch\/index.php?rest_route=\/wp\/v2\/media\/2628"}],"wp:attachment":[{"href":"https:\/\/www.skmisia.ch\/index.php?rest_route=%2Fwp%2Fv2%2Fmedia&parent=2627"}],"wp:term":[{"taxonomy":"category","embeddable":true,"href":"https:\/\/www.skmisia.ch\/index.php?rest_route=%2Fwp%2Fv2%2Fcategories&post=2627"},{"taxonomy":"post_tag","embeddable":true,"href":"https:\/\/www.skmisia.ch\/index.php?rest_route=%2Fwp%2Fv2%2Ftags&post=2627"}],"curies":[{"name":"wp","href":"https:\/\/api.w.org\/{rel}","templated":true}]}}