{"id":2620,"date":"2014-10-18T21:45:03","date_gmt":"2014-10-18T20:45:03","guid":{"rendered":"https:\/\/www.skmisia.ch\/?p=2620"},"modified":"2019-04-08T21:09:17","modified_gmt":"2019-04-08T20:09:17","slug":"dolezite-info-pre-detsky-zbor-a-rodicov","status":"publish","type":"post","link":"https:\/\/www.skmisia.ch\/?p=2620","title":{"rendered":"D\u00f4le\u017eit\u00e9 info pre detsk\u00fd zbor a rodi\u010dov"},"content":{"rendered":"<p align=\"center\"><b>Detsk\u00fd spevokol pri Slovenskej katol\u00edckej misii v\u00a0Z\u00fcrichu<\/b><\/p>\n<p align=\"center\"><i>\u00a0<\/i><i>Mil\u00ed mal\u00ed spev\u00e1ci i\u00a0rodi\u010dia,<\/i><\/p>\n<p align=\"center\"><i>u\u017e nieko\u013eko nedie\u013e sa stret\u00e1vame, aby sme si spolo\u010dne zaspievali, a\u00a0i\u00a0takto boli bl\u00edzko n\u00e1\u0161mu dobr\u00e9mu Bohu. M\u00e1te \u00fa\u017easn\u00e9 hl\u00e1sky a\u00a0sme ve\u013emi radi, \u017ee ste s\u00fa\u010das\u0165ou n\u00e1\u0161ho sna\u017eenia. Je mnoho piesn\u00ed, ktor\u00e9 u\u017e m\u00e1te v\u00a0mal\u00ed\u010dku, ale m\u00e1me i\u00a0kopu piesn\u00ed, ktor\u00e9 \u010dakaj\u00fa, k\u00fdm ich svojimi hlasmi o\u017eiv\u00edme. <\/i><\/p>\n<p align=\"center\"><i>\u00a0<\/i><i>Niektor\u00ed z\u00a0v\u00e1s v\u00a0j\u00fali spievali u\u017e aj na sv\u00e4tej om\u0161i, ktor\u00fa sme mohli obohati\u0165 a\u00a0zaspieva\u0165 Bohu piesne, ktor\u00e9 sme sa nau\u010dili. Radi by sme to zopakovali, a\u00a0preto tento rok:<\/i><\/p>\n<p align=\"center\"><b><i>\u00a0Budeme spieva\u0165 na sv\u00e4tej om\u0161i 2. novembra a\u00a07. decembra. <\/i><\/b><\/p>\n<div>\n<p align=\"center\"><b><i>V tieto dni sa stretneme v\u00a0kostole o\u00a09:15.<\/i><\/b><\/p>\n<p align=\"center\"><i style=\"line-height: 1.5em;\">\u010eal\u0161ie vyst\u00fapenie n\u00e1s \u010dak\u00e1 na Mikul\u00e1\u0161a. V\u00a0tento de\u0148 budeme spieva\u0165 aj na sv\u00e4tej om\u0161i a\u00a0po sv\u00e4tej om\u0161i budeme ma\u0165 vyst\u00fapenie v\u00a0r\u00e1mci priv\u00edtania Mikul\u00e1\u0161a. Na sk\u00fa\u0161kach spevokolu v\u00a0novembri budeme cvi\u010di\u0165 aj mikul\u00e1\u0161sky program. O\u00a0tejto akcii budeme e\u0161te nesk\u00f4r informova\u0165.<\/i><\/p>\n<\/div>\n<div>\n<p align=\"center\"><b><i>D\u00e1tumy n\u00e1cvikov v 2014: 19. a 26. okt\u00f3bra, 2., 9., 23. a 30. novembra, 7. a 14. decembra<\/i><\/b><\/p>\n<p align=\"center\">Sledujte <a href=\"https:\/\/www.skmisia.ch\/\">www.skmisia.ch<\/a> v\u00a0sekcii Z\u00fcrich \/ spolo\u010denstv\u00e1<\/p>\n<p align=\"center\">\n<\/div>\n<p align=\"center\"><i>\u00a0<\/i><\/p>\n<p align=\"center\"><b><i>Vyst\u00fapenie 9.novembra pri pr\u00edle\u017eitosti 45. v\u00fdro\u010dia zalo\u017eenia Zdru\u017eenia Slov\u00e1kov vo \u0160vaj\u010diarsku<\/i><\/b><\/p>\n<p align=\"center\"><i>Bude to kr\u00e1tky 5 min\u00fatov\u00fd program, v\u00a0ktorom sa z\u00edde ka\u017ed\u00fd hl\u00e1sok. Deti, budeme ve\u013emi radi, ke\u010f sa v\u00e1m podar\u00ed s\u00a0nami pesni\u010dky nacvi\u010di\u0165\u00a0 a\u00a0z\u00fa\u010dastni\u0165 sa vyst\u00fapenia. Mil\u00ed rodi\u010dia, potvr\u010fte n\u00e1m, pros\u00edm, ko\u013eko v\u00e1s pr\u00edde, aby sme nahl\u00e1sili po\u010dty det\u00ed kv\u00f4li ob\u010derstveniu a\u00a0po\u010dty dospel\u00fdch kv\u00f4li priestoru. Vystupova\u0165 budeme asi 25 min\u00fat po za\u010diatku programu. Cel\u00fd program bude trva\u0165 pribli\u017ene 2 hodiny a\u00a0potom nasleduje vo\u013en\u00e1 z\u00e1bava. Vstup je vo\u013en\u00fd. Samozrejme, ak mal\u00e9 deti nevydr\u017eia tak dlho, je mo\u017en\u00e9 od\u00eds\u0165 sk\u00f4r.<\/i><\/p>\n<p align=\"center\"><b><i>Stretneme sa o\u00a014:30 v\u00a0s\u00e1le farsk\u00e9ho domu Bruder Klaus v\u00a0Z\u00fcrichu<\/i><\/b><\/p>\n<p align=\"center\"><i>Milchbuckstrasse 73<\/i><\/p>\n<p align=\"center\"><b><i>\u00a0Potrebn\u00e9 oble\u010denie<\/i><\/b><i>: <\/i><\/p>\n<div>\n<p align=\"center\"><i>tmavomodr\u00e9 dlh\u00e9 nohavice alebo rifle (pr\u00edpadne diev\u010dat\u00e1 suk\u0148u tejto farby) <\/i><\/p>\n<p align=\"center\"><i>a\u00a0biele alebo modr\u00e9 tri\u010dko (bez obr\u00e1zkov) <\/i><\/p>\n<p align=\"right\"><i>\u00a0<\/i><\/p>\n<p style=\"text-align: center;\" align=\"right\"><i>Zuzana a Peter \u0160ipulovci, sipula@centrum.sk, tel. 079 683 9962<\/i><\/p>\n<\/div>\n<p><i>\u00a0<\/i><\/p>\n<p align=\"center\"><i>N\u00e1vratka<\/i><\/p>\n<p align=\"center\"><b><i>Pros\u00edm odovzda\u0165 do 26.10.2014<\/i><\/b><\/p>\n<p align=\"center\"><i>\u00a0<\/i><\/p>\n<p align=\"center\"><i>D\u0148a 9.11. o\u00a014:30 v\u00a0Bruder Klaus, sa moje die\u0165a __________________________________________<\/i><\/p>\n<p align=\"center\"><i>z\u00fa\u010dastn\u00ed\/nez\u00fa\u010dastn\u00ed<\/i><\/p>\n<p align=\"center\"><i>vyst\u00fapenia pri pr\u00edle\u017eitosti 45. v\u00fdro\u010dia zalo\u017eenia Zdru\u017eenia Slov\u00e1kov vo \u0160vaj\u010diarsku.<\/i><\/p>\n<p align=\"center\"><i>Po\u010det \u00fa\u010dinkuj\u00facich: ____________\u00a0\u00a0\u00a0 Po\u010det ostatn\u00fdch:_______________<\/i><\/p>\n","protected":false},"excerpt":{"rendered":"<p>Detsk\u00fd spevokol pri Slovenskej katol\u00edckej misii v\u00a0Z\u00fcrichu \u00a0Mil\u00ed mal\u00ed spev\u00e1ci i\u00a0rodi\u010dia, u\u017e nieko\u013eko nedie\u013e sa stret\u00e1vame, aby sme si spolo\u010dne zaspievali, a\u00a0i\u00a0takto boli bl\u00edzko n\u00e1\u0161mu dobr\u00e9mu Bohu. M\u00e1te \u00fa\u017easn\u00e9 hl\u00e1sky a\u00a0sme ve\u013emi radi, \u017ee&#46;&#46;&#46;<\/p>\n","protected":false},"author":3,"featured_media":1390,"comment_status":"open","ping_status":"closed","sticky":false,"template":"","format":"standard","meta":{"ngg_post_thumbnail":0},"categories":[24,1],"tags":[],"_links":{"self":[{"href":"https:\/\/www.skmisia.ch\/index.php?rest_route=\/wp\/v2\/posts\/2620"}],"collection":[{"href":"https:\/\/www.skmisia.ch\/index.php?rest_route=\/wp\/v2\/posts"}],"about":[{"href":"https:\/\/www.skmisia.ch\/index.php?rest_route=\/wp\/v2\/types\/post"}],"author":[{"embeddable":true,"href":"https:\/\/www.skmisia.ch\/index.php?rest_route=\/wp\/v2\/users\/3"}],"replies":[{"embeddable":true,"href":"https:\/\/www.skmisia.ch\/index.php?rest_route=%2Fwp%2Fv2%2Fcomments&post=2620"}],"version-history":[{"count":1,"href":"https:\/\/www.skmisia.ch\/index.php?rest_route=\/wp\/v2\/posts\/2620\/revisions"}],"predecessor-version":[{"id":2621,"href":"https:\/\/www.skmisia.ch\/index.php?rest_route=\/wp\/v2\/posts\/2620\/revisions\/2621"}],"wp:featuredmedia":[{"embeddable":true,"href":"https:\/\/www.skmisia.ch\/index.php?rest_route=\/wp\/v2\/media\/1390"}],"wp:attachment":[{"href":"https:\/\/www.skmisia.ch\/index.php?rest_route=%2Fwp%2Fv2%2Fmedia&parent=2620"}],"wp:term":[{"taxonomy":"category","embeddable":true,"href":"https:\/\/www.skmisia.ch\/index.php?rest_route=%2Fwp%2Fv2%2Fcategories&post=2620"},{"taxonomy":"post_tag","embeddable":true,"href":"https:\/\/www.skmisia.ch\/index.php?rest_route=%2Fwp%2Fv2%2Ftags&post=2620"}],"curies":[{"name":"wp","href":"https:\/\/api.w.org\/{rel}","templated":true}]}}