{"id":2593,"date":"2014-10-17T09:32:28","date_gmt":"2014-10-17T08:32:28","guid":{"rendered":"https:\/\/www.skmisia.ch\/?p=2593"},"modified":"2019-04-08T21:09:17","modified_gmt":"2019-04-08T20:09:17","slug":"misijna-nedela","status":"publish","type":"post","link":"https:\/\/www.skmisia.ch\/?p=2593","title":{"rendered":"Misijn\u00e1 nede\u013ea"},"content":{"rendered":"<p>Cho\u010fte do cel\u00e9ho sveta a bu\u010fte mi svedkami!<\/p>\n<p>Posolstvo Sv\u00e4t\u00e9ho Otca Franti\u0161ka k Svetov\u00e9mu d\u0148u misi\u00ed 2014<\/p>\n<p><span style=\"line-height: 1.5em;\">Drah\u00ed bratia a sestry,<\/span><\/p>\n<div>dnes e\u0161te st\u00e1le ve\u013ea \u013eud\u00ed nepozn\u00e1 Je\u017ei\u0161a Krista. Preto s\u00fa ve\u013emi naliehavo potrebn\u00e9 misie ad gentes, na ktor\u00fdch sa maj\u00fa podie\u013ea\u0165 v\u0161etci \u010dlenovia Cirkvi, ke\u010f\u017ee Cirkev je zo svojej povahy mision\u00e1rska: Cirkev sa zrodila \u201ez vyjdenia\u201c na cesty. Svetov\u00fd de\u0148 misi\u00ed je privilegovan\u00fdm \u010dasom, ke\u010f sa veriaci r\u00f4znych svetadielov modlitbami a konkr\u00e9tnymi gestami solidarity zap\u00e1jaj\u00fa do pomoci mlad\u00fdm cirkv\u00e1m na misijn\u00fdch \u00fazemiach. Ide o milostipln\u00e9 a radostn\u00e9 sl\u00e1venie. Milostipln\u00e9, preto\u017ee Duch Sv\u00e4t\u00fd, poslan\u00fd od Otca, pon\u00faka m\u00fadros\u0165 a silu t\u00fdm, ktor\u00ed s\u00fa vn\u00edmav\u00ed na jeho p\u00f4sobenie. Radostn\u00e9, preto\u017ee Je\u017ei\u0161 Kristus, Otcov Syn, poslan\u00fd na svet hl\u00e1sa\u0165 evanjelium, n\u00e1m pom\u00e1ha a sprev\u00e1dza na\u0161e misijn\u00e9 dielo. Chcel by som v\u00e1m predostrie\u0165 jeden biblick\u00fd obraz, ktor\u00fd sa nach\u00e1dza v Luk\u00e1\u0161ovom evanjeliu (porov. 10, 21 \u2013 23) a ktor\u00fd hovor\u00ed pr\u00e1ve o Je\u017ei\u0161ovej radosti a o radosti jeho u\u010den\u00edkov mision\u00e1rov.<\/div>\n<div>1. Evanjelista rozpr\u00e1va o tom, ako P\u00e1n poslal sedemdesiatdva u\u010den\u00edkov, v\u017edy po dvoch, do miest a ded\u00edn, aby hl\u00e1sali, \u017ee Bo\u017eie kr\u00e1\u013eovstvo sa pribl\u00ed\u017eilo a pripravovali \u013eud\u00ed na stretnutie s Je\u017ei\u0161om. Ke\u010f toto poslanie ohlasova\u0165 dov\u0155\u0161ili, vr\u00e1tili sa u\u010den\u00edci pln\u00ed radosti. Rados\u0165 je dominantnou t\u00e9mou tejto prvej a nezabudnute\u013enej mision\u00e1rskej sk\u00fasenosti. Bo\u017esk\u00fd U\u010dite\u013e im v\u0161ak povedal: \u201eNeradujte sa z toho, \u017ee sa v\u00e1m podd\u00e1vaj\u00fa duchovia, ale radujte sa, \u017ee s\u00fa va\u0161e men\u00e1 zap\u00edsan\u00e9 v nebi. V tej hodine zaplesal v Duchu Sv\u00e4tom a povedal: ,Zvelebujem \u0165a, Ot\u010de (&#8230;) Potom sa obr\u00e1til osobitne k u\u010den\u00edkom a povedal: ,Blahoslaven\u00e9 o\u010di, ktor\u00e9 vidia, \u010do vid\u00edte vy\u201c (Lk 10, 20 \u2013 21.23).<\/div>\n<div>Luk\u00e1\u0161 n\u00e1m tu ukazuje tri sc\u00e9ny. Najsk\u00f4r Je\u017ei\u0161 hovor\u00ed k u\u010den\u00edkom, potom sa obracia k Otcovi a napokon sa znovu prihov\u00e1ra im. Je\u017ei\u0161 chce, aby mali u\u010den\u00edci \u00fa\u010das\u0165 na jeho radosti, ktor\u00e1 je in\u00e1 a v\u00e4\u010d\u0161ia ako t\u00e1, ktor\u00fa zak\u00fa\u0161ali.<\/div>\n<div>2. U\u010den\u00edci boli pln\u00ed radosti, boli nad\u0161en\u00ed, \u017ee m\u00f4\u017eu oslobodi\u0165 \u013eud\u00ed od zl\u00fdch duchov. Je\u017ei\u0161 ich v\u0161ak napom\u00edna, aby sa neradovali nato\u013eko z moci, ktor\u00fa dostali, ale sk\u00f4r z prijatej l\u00e1sky: preto, \u201e\u017ee s\u00fa va\u0161e men\u00e1 zap\u00edsan\u00e9 v nebi\u201c (Lk 10, 20). Bola im toti\u017e darovan\u00e1 sk\u00fasenos\u0165 Bo\u017eej l\u00e1sky a tie\u017e mo\u017enos\u0165 podeli\u0165 sa o \u0148u. A t\u00e1to sk\u00fasenos\u0165 u\u010den\u00edkov je pre Je\u017ei\u0161ovo Srdce d\u00f4vodom radostnej v\u010fa\u010dnosti. Luk\u00e1\u0161 vyjadril t\u00fato rados\u0165 v perspekt\u00edve spolo\u010denstva Trojice: Je\u017ei\u0161 \u201ezaplesal v Duchu Sv\u00e4tom\u201c a obr\u00e1tiac sa na Otca, vzd\u00e1val mu chv\u00e1lu. Tento okamih vn\u00fatornej radosti pr\u00fd\u0161ti z hlbokej l\u00e1sky Je\u017ei\u0161a ako Syna k Otcovi, P\u00e1novi neba a zeme, ktor\u00fd v\u0161etky tieto veci skryl pred m\u00fadrymi a rozumn\u00fdmi a zjavil ich mali\u010dk\u00fdm (porov. Lk 10, 21). Boh \u201eskryl\u201c a \u201ezjavil\u201c, hoci v tejto modlitbe chv\u00e1ly vynik\u00e1 predov\u0161etk\u00fdm zjavenie. \u010co Boh zjavil a skryl? Tajomstv\u00e1 svojho kr\u00e1\u013eovstva, nastolenie Bo\u017eej vl\u00e1dy v Je\u017ei\u0161ovi a v\u00ed\u0165azstvo nad satanom.<\/div>\n<div>To v\u0161etko Boh skryl pre t\u00fdmi, ktor\u00ed s\u00fa pln\u00ed seba sam\u00fdch a myslia si, \u017ee u\u017e v\u0161etko vedia. S\u00fa ako zaslepen\u00ed svojou dom\u00fd\u0161\u013eavos\u0165ou a nenech\u00e1vaj\u00fa Bohu \u017eiadne miesto. \u013dahko si mo\u017eno predstavi\u0165 niektor\u00fdch Je\u017ei\u0161ov\u00fdch s\u00fa\u010dasn\u00edkov, ktor\u00fdch nieko\u013ekokr\u00e1t napom\u00ednal, ale toto nebezpe\u010denstvo tu existuje v\u017edy a m\u00f4\u017ee sa t\u00fdka\u0165 aj n\u00e1s. Naopak, \u201emali\u010dk\u00ed\u201c, to s\u00fa pokorn\u00ed, jednoduch\u00ed, chudobn\u00ed, marginalizovan\u00ed, t\u00ed, ktor\u00ed nemaj\u00fa \u017eiaden hlas, ktor\u00ed s\u00fa unaven\u00ed a utl\u00e1\u010dan\u00ed a o ktor\u00fdch Je\u017ei\u0161 povedal, \u017ee s\u00fa \u201eblahoslaven\u00ed\u201c. \u013dahko si spomenieme na M\u00e1riu, na Jozefa, na galilejsk\u00fdch ryb\u00e1rov a u\u010den\u00edkov, ktor\u00fdch povolal na ceste, po\u010das svojho k\u00e1zania.<\/div>\n<div>3. \u201e\u00c1no, Ot\u010de, tebe sa tak p\u00e1\u010dilo\u201c (Lk 10, 21). Je\u017ei\u0161ove slov\u00e1 mo\u017eno ch\u00e1pa\u0165 vo vz\u0165ahu k jeho vn\u00fatorn\u00e9mu plesaniu, pri\u010dom jeho rados\u0165 odkazuje na Otcov milostiv\u00fd pl\u00e1n sp\u00e1sy pre \u013eudstvo. Je\u017ei\u0161 zaplesal v s\u00favislosti s touto Bo\u017eou dobrotou, preto\u017ee Otec sa rozhodol milova\u0165 \u013eud\u00ed tou istou l\u00e1skou, akou miluje svojho Syna. Luk\u00e1\u0161 n\u00e1m pripom\u00edna aj podobn\u00e9 plesanie M\u00e1rie: \u201eM\u00f4j duch jas\u00e1 v Bohu, mojom Spasite\u013eovi\u201c (Lk 1, 47). Ide o dobr\u00fa novinu, ktor\u00e1 vedie k sp\u00e1se. M\u00e1ria, nosiac vo svojom lone Je\u017ei\u0161a, najdokonalej\u0161ieho evanjeliz\u00e1tora, stretla Al\u017ebetu a zaplesala rados\u0165ou v Duchu Sv\u00e4tom, spievaj\u00fac svoj Magnifikat. Ke\u010f Je\u017ei\u0161 uvidel, \u017ee jeho u\u010den\u00edci \u00faspe\u0161ne splnili zveren\u00e9 poslanie a preto s\u00fa pln\u00ed radosti, zaplesal v Duchu Sv\u00e4tom a obr\u00e1til sa k svojmu Otcovi v modlitbe. V oboch pr\u00edpadoch ide o rados\u0165 z uskuto\u010d\u0148uj\u00facej sa sp\u00e1sy, preto\u017ee l\u00e1ska, ktorou Otec miluje Syna, zasahuje aj n\u00e1s, a skrze p\u00f4sobenie Ducha Sv\u00e4t\u00e9ho n\u00e1s zaha\u013euje a umo\u017e\u0148uje n\u00e1m vst\u00fapi\u0165 do troji\u010dn\u00e9ho \u017eivota.<\/div>\n<div>Otec je zdrojom radosti. Syn je jej zjaven\u00edm a Duch Sv\u00e4t\u00fd je jej o\u017eivovate\u013eom. Je\u017ei\u0161, hne\u010f ako osl\u00e1vil Otca \u2013 \u00a0p\u00ed\u0161e evanjelista Mat\u00fa\u0161 \u2013 vyz\u00fdva n\u00e1s: \u201ePo\u010fte ku mne v\u0161etci, ktor\u00ed sa nam\u00e1hate a ste pre\u0165a\u017een\u00ed, a ja v\u00e1s posiln\u00edm. Vezmite na seba moje jarmo a u\u010dte sa odo m\u0148a, lebo som tich\u00fd a pokorn\u00fd srdcom; a n\u00e1jdete odpo\u010dinok pre svoju du\u0161u. Moje jarmo je pr\u00edjemn\u00e9 a moje bremeno \u013eahk\u00e9\u201c (11, 28 \u2013 30). \u201eRados\u0165 evanjelia nap\u013a\u0148a srdce a cel\u00fd \u017eivot t\u00fdch, ktor\u00ed sa stret\u00e1vaj\u00fa s Kristom. T\u00ed, ktor\u00ed sa n\u00edm nechaj\u00fa zachr\u00e1ni\u0165, s\u00fa osloboden\u00ed od hriechu a sm\u00fatku, od vn\u00fatorn\u00e9ho pr\u00e1zdna a izol\u00e1cie. S Je\u017ei\u0161om Kristom sa st\u00e1le rod\u00ed a znovuzrodzuje rados\u0165\u201c (apo\u0161t. exhort\u00e1cia Evangelii gaudium, 1).<\/div>\n<div>Jedine\u010dn\u00fa sk\u00fasenos\u0165 zo stretnutia s Je\u017ei\u0161om za\u017eila Panna M\u00e1ria, a preto sa stala \u201epr\u00ed\u010dinou na\u0161ej radosti\u201c. Je\u017ei\u0161 v\u0161ak povolal u\u010den\u00edkov, aby boli s n\u00edm, poslal ich hl\u00e1sa\u0165 evanjelium (porov. Mk 3, 14), a t\u00fdm ich naplnil rados\u0165ou. Pre\u010do sa ned\u00e1me \u00a0t\u00fdmto pr\u00fadom radosti strhn\u00fa\u0165 aj my?<\/div>\n<div>4. \u201eVe\u013ek\u00fdm nebezpe\u010denstvom v dne\u0161nom svete, pozna\u010denom r\u00f4znorodou a vtieravou ponukou konzumizmu, je sebeck\u00fd sm\u00fatok, ktor\u00fd vyviera z pohodln\u00e9ho a sk\u00fapeho srdca, z hor\u00fa\u010dkovit\u00e9ho vyh\u013ead\u00e1vania povrchn\u00fdch radost\u00ed, z izolovan\u00e9ho svedomia\u201c (apo\u0161t. exhort\u00e1cia Evangelii gaudium, 2). Preto \u013eudstvo ve\u013emi potrebuje \u010derpa\u0165 zo sp\u00e1sy, ktor\u00fa priniesol Kristus. U\u010den\u00edci s\u00fa t\u00ed, ktor\u00ed sa nechaj\u00fa \u010doraz viac zachyti\u0165 Je\u017ei\u0161ovou l\u00e1skou \u00a0a pozna\u010di\u0165 oh\u0148om nad\u0161enia pre Bo\u017eie kr\u00e1\u013eovstvo, aby sa stali poslami evanjeliovej radosti. V\u0161etci P\u00e1novi u\u010den\u00edci s\u00fa povolan\u00ed \u017eivi\u0165 sa rados\u0165ou z hl\u00e1sania evanjelia. Biskupi s\u00fa prv\u00ed zodpovedn\u00ed za hl\u00e1sanie evanjelia a ich \u00falohou je podporova\u0165 jednotu miestnej cirkvi v mision\u00e1rskom \u00fasil\u00ed. Pritom maj\u00fa ma\u0165 na pam\u00e4ti, \u017ee rados\u0165 z ohlasovania Je\u017ei\u0161a Krista sa prejavuje tak v starostlivosti o jeho ohlasovanie na vzdialen\u00fdch \u00fazemiach, ako aj v neust\u00e1lom vych\u00e1dzan\u00ed na perif\u00e9riu vlastn\u00e9ho \u00fazemia, kde \u010dak\u00e1 zvl\u00e1\u0161\u0165 ve\u013ea chudobn\u00fdch \u013eud\u00ed.<\/div>\n<div>V mnoh\u00fdch regi\u00f3noch ch\u00fdbaj\u00fa k\u0148azsk\u00e9 povolania a povolania na zasv\u00e4ten\u00fd \u017eivot. \u010casto to s\u00favis\u00ed s t\u00fdm, \u017ee v spolo\u010denstv\u00e1ch ch\u00fdba n\u00e1kazliv\u00fd apo\u0161tolsk\u00fd z\u00e1pal, a preto je tam m\u00e1lo nad\u0161enia a nie s\u00fa pr\u00ed\u0165a\u017eliv\u00e9. Evanjeliov\u00e1 rados\u0165 vyviera zo stretnutia s Kristom a z delenia sa s chudobn\u00fdmi. Preto povzbudzujem farsk\u00e9 spolo\u010denstv\u00e1, zdru\u017eenia a skupiny, aby pre\u017e\u00edvali intenz\u00edvny bratsk\u00fd \u017eivot, zalo\u017een\u00fd na l\u00e1ske k Je\u017ei\u0161ovi a pozorn\u00fd vo\u010di potreb\u00e1m t\u00fdch najbiednej\u0161\u00edch. Tam, kde je rados\u0165, z\u00e1pal, v\u00f4\u013ea prinies\u0165 Krista druh\u00fdm, tam vzkl\u00ed\u010dia prav\u00e9 povolania. Popri nich v\u0161ak nemo\u017eno zab\u00fada\u0165 ani na laikov povolan\u00fdch na misie. Medzi\u010dasom u\u017e povedomie o identite a poslan\u00ed veriacich laikov v Cirkvi vzr\u00e1stlo a podobne aj vedomie, \u017ee s\u00fa povolan\u00ed prija\u0165 \u010doraz d\u00f4le\u017eitej\u0161iu \u00falohu pri \u0161\u00edren\u00ed evanjelia. Preto je s oh\u013eadom na \u00fa\u010dinnos\u0165 apo\u0161tolsk\u00e9ho p\u00f4sobenia d\u00f4le\u017eit\u00e1 ich n\u00e1le\u017eit\u00e1 form\u00e1cia.<\/div>\n<div>5. \u201eVesel\u00e9ho darcu Boh miluje\u201c (2 Kor 9, 7). Svetov\u00fd de\u0148 misi\u00ed je aj pr\u00edle\u017eitos\u0165ou na povzbudenie t\u00fa\u017eby a mor\u00e1lnej povinnosti radostne sa podie\u013ea\u0165 na misi\u00e1ch ad gentes. Osobn\u00fd milodar je znakom darovania seba sam\u00fdch, najsk\u00f4r P\u00e1novi a potom bratom, v\u010faka \u010domu sa samotn\u00fd materi\u00e1lny dar st\u00e1va n\u00e1strojom evanjeliz\u00e1cie \u013eudstva, ktor\u00e1 sa zaklad\u00e1 na l\u00e1ske.<\/div>\n<div>Drah\u00ed bratia a sestry, na tento Svetov\u00fd de\u0148 misi\u00ed sa v my\u0161lienkach obraciam na v\u0161etky miestne cirkvi. Nenechajme si vzia\u0165 rados\u0165 z hl\u00e1sania evanjelia! Poz\u00fdvam v\u00e1s, aby ste sa ponorili do radosti evanjelia a \u017eivili l\u00e1sku, schopn\u00fa osvetli\u0165 va\u0161e povolanie a misiu. Vyz\u00fdvam v\u00e1s, aby ste si akoby na vn\u00fatornej p\u00fati pripom\u00ednali \u201eprv\u00fa l\u00e1sku\u201c, ktorou P\u00e1n Je\u017ei\u0161 Kristus zap\u00e1lil srdce ka\u017ed\u00e9ho z v\u00e1s. Nie z nostalgie, ale preto, aby ste zotrvali v radosti. P\u00e1nov u\u010den\u00edk sa raduje, ke\u010f je s n\u00edm, ke\u010f pln\u00ed jeho v\u00f4\u013eu, ke\u010f sa del\u00ed o evanjeliov\u00fa vieru, n\u00e1dej a l\u00e1sku.<\/div>\n<div>K M\u00e1rii, ktor\u00e1 je vzorom pokornej a radostnej evanjeliz\u00e1cie, sa obraciame v modlitbe, aby sa Cirkev stala pre mnoh\u00fdch domovom, pre v\u0161etky n\u00e1rody matkou a tak sa mohol zrodi\u0165 nov\u00fd svet.<\/div>\n<div>Vo Vatik\u00e1ne 8. j\u00fana 2014, na sviatok Zoslania Ducha Sv\u00e4t\u00e9ho<\/div>\n<div>FRANTI\u0160EK<\/div>\n","protected":false},"excerpt":{"rendered":"<p>Cho\u010fte do cel\u00e9ho sveta a bu\u010fte mi svedkami! Posolstvo Sv\u00e4t\u00e9ho Otca Franti\u0161ka k Svetov\u00e9mu d\u0148u misi\u00ed 2014 Drah\u00ed bratia a sestry, dnes e\u0161te st\u00e1le ve\u013ea \u013eud\u00ed nepozn\u00e1 Je\u017ei\u0161a Krista. Preto s\u00fa ve\u013emi naliehavo potrebn\u00e9&#46;&#46;&#46;<\/p>\n","protected":false},"author":3,"featured_media":2594,"comment_status":"open","ping_status":"closed","sticky":false,"template":"","format":"video","meta":{"ngg_post_thumbnail":0},"categories":[24,1],"tags":[],"_links":{"self":[{"href":"https:\/\/www.skmisia.ch\/index.php?rest_route=\/wp\/v2\/posts\/2593"}],"collection":[{"href":"https:\/\/www.skmisia.ch\/index.php?rest_route=\/wp\/v2\/posts"}],"about":[{"href":"https:\/\/www.skmisia.ch\/index.php?rest_route=\/wp\/v2\/types\/post"}],"author":[{"embeddable":true,"href":"https:\/\/www.skmisia.ch\/index.php?rest_route=\/wp\/v2\/users\/3"}],"replies":[{"embeddable":true,"href":"https:\/\/www.skmisia.ch\/index.php?rest_route=%2Fwp%2Fv2%2Fcomments&post=2593"}],"version-history":[{"count":4,"href":"https:\/\/www.skmisia.ch\/index.php?rest_route=\/wp\/v2\/posts\/2593\/revisions"}],"predecessor-version":[{"id":2606,"href":"https:\/\/www.skmisia.ch\/index.php?rest_route=\/wp\/v2\/posts\/2593\/revisions\/2606"}],"wp:featuredmedia":[{"embeddable":true,"href":"https:\/\/www.skmisia.ch\/index.php?rest_route=\/wp\/v2\/media\/2594"}],"wp:attachment":[{"href":"https:\/\/www.skmisia.ch\/index.php?rest_route=%2Fwp%2Fv2%2Fmedia&parent=2593"}],"wp:term":[{"taxonomy":"category","embeddable":true,"href":"https:\/\/www.skmisia.ch\/index.php?rest_route=%2Fwp%2Fv2%2Fcategories&post=2593"},{"taxonomy":"post_tag","embeddable":true,"href":"https:\/\/www.skmisia.ch\/index.php?rest_route=%2Fwp%2Fv2%2Ftags&post=2593"}],"curies":[{"name":"wp","href":"https:\/\/api.w.org\/{rel}","templated":true}]}}