{"id":2548,"date":"2014-10-11T11:15:50","date_gmt":"2014-10-11T10:15:50","guid":{"rendered":"https:\/\/www.skmisia.ch\/?p=2548"},"modified":"2019-04-08T21:09:17","modified_gmt":"2019-04-08T20:09:17","slug":"oznamy-na-28-nedelu-v-obdobi-cez-rok","status":"publish","type":"post","link":"https:\/\/www.skmisia.ch\/?p=2548","title":{"rendered":"Oznamy na 28. nede\u013eu v obdob\u00ed cez rok"},"content":{"rendered":"<p align=\"center\"><b>SLOVENSK<\/b><b>\u00c1 KATOL\u00cdCKA MISIA, BRAUERSTRA<\/b><b>SSe<\/b><b>\u00a0<\/b><b>99; 8004 Z\u00dcRICH<\/b><b><\/b><\/p>\n<p align=\"center\"><b>T\/F: 0041 44 241 50 22<\/b><b><\/b><\/p>\n<div align=\"center\">\n<hr align=\"center\" size=\"2\" width=\"100%\" \/>\n<\/div>\n<p>Oznamy na 28. nede\u013eu v obdob\u00ed cez rok.<\/p>\n<p>Liturgick\u00fd kalend\u00e1r:<\/p>\n<p>V utorok je \u013eubovo\u013en\u00e1 spomienka sv. Kalixta I., p\u00e1pe\u017ea a mu\u010den\u00edka.<\/p>\n<p>V\u00a0stredu je spomienka sv. Ter\u00e9rie od Je\u017ei\u0161a, panny a\u00a0u\u010dite\u013eky Cirkvi.<\/p>\n<p>Vo \u0161tvrtok je \u013eubovo\u013en\u00e1 spomienka sv. Margity M\u00e1rie Alacoque, panny.<\/p>\n<p>V\u00a0piatok je spomienka sv. Ign\u00e1ca Antiochijsk\u00e9ho, biskupa a\u00a0mu\u010den\u00edka.<\/p>\n<p>V sobotu je sviatok sv. Luk\u00e1\u0161a, evanjelistu.<\/p>\n<p>Bud\u00faca nede\u013ea je 29. nede\u013ea v obdob\u00ed cez rok- Misijn\u00e1 nede\u013ea + misijn\u00e1 zbierka. (men\u00ed sa z letn\u00e9ho na zimn\u00fd \u010das).<\/p>\n<p>&nbsp;<\/p>\n<p>V\u00a0stredu bude sv. om\u0161a o 20:00 v kostole sv. J\u00e1na Bosca na Talianskej misii. Stretnutie spevokolu je \u00bd hodimu pred sv. om\u0161ou.<\/p>\n<p><span style=\"line-height: 1.5em;\">Vo \u0161tvrtok nebude \u0161portov\u00fd kr\u00fa\u017eok.<\/span><\/p>\n<p><span style=\"line-height: 1.5em;\">V\u00a0piatok je mo\u017enos\u0165 ml\u00e1de\u017en\u00edckeho biblick\u00e9ho stretnutia. Stret\u00e1me sa na talianskej misii u\u017e o\u00a019:30 na Talianskej misii alebo nad kone\u010dnou zast\u00e1vkou elektri\u010dky \u010d.13- Albisg\u00fctli o 19:45 hod pod Uetlibergom.<\/span><\/p>\n<p><span style=\"line-height: 1.5em;\">Bud\u00facu nede\u013eu je detsk\u00fd katechizmus i\u00a0detsk\u00fd zbor.<\/span><\/p>\n<p>Organiza\u010dno-pl\u00e1novacie stretnutie dobrovo\u013en\u00edkov na\u0161ej misie predsa bude dnes po sv. om\u0161i- len \u010do sa dostanem zo sakristie. Ste povolan\u00ed, uvid\u00edme ko\u013eko bude vyvolen\u00fdch.<\/p>\n<p>&nbsp;<\/p>\n<p>18.-19. Okt\u00f3bra v\u00e1s poz\u00fdvame na predn\u00e1\u0161ky o\u00a0man\u017eelstve a\u00a0vz\u0165ahoch na Taliansku misiu:<\/p>\n<p><span style=\"line-height: 1.5em;\">&#8211; Rozdiely medzi mu\u017eom a\u00a0\u017eenou <\/span><b style=\"line-height: 1.5em;\">\u2013 sobota 18.10. o\u00a016:55<\/b><span style=\"line-height: 1.5em;\"> na Taliankej misii<\/span><\/p>\n<p>&#8211; Ako pre\u017ei\u0165 \u0161\u0165astn\u00e9 man\u017eelstvo? \u2013 <b>nede\u013ea 19.10. o 14:30<\/b> na Talianskej misii- t\u00e1to predn\u00e1\u0161ka ne-bude tlmo\u010den\u00e1 do nemeck\u00e9ho jazyka?<\/p>\n<p>&#8211; Pros\u00edm o\u00a0potvrdenie babysit\u00e9rok.<\/p>\n<p>Osobitne poz\u00fdvame sn\u00fabencov, ktor\u00ed spom\u00ednan\u00e9 predn\u00e1\u0161ky maj\u00fa ako s\u00fa\u010das\u0165 predman\u017eelskej pr\u00edpravy, ale i\u00a0\u0161irok\u00fa verejnos\u0165 a\u00a0mlad\u00fdch. Bli\u017e\u0161ie info na webe.<\/p>\n<p><span style=\"line-height: 1.5em;\">Davame V\u00e1m do pozornosti koncert n\u00e1\u0161ho krajana opern\u00e9ho spev\u00e1ka Rada Han\u00e1ka, ktor\u00fd sa uskuto\u010dn\u00ed 24.10. 2014 o\u00a019:00 v\u00a0Jecklin Forum v\u00a0Z\u00fcrichu. Bli\u017e\u0161ie info na stranke zdru\u017eenie.ch<\/span><\/p>\n","protected":false},"excerpt":{"rendered":"<p>SLOVENSK\u00c1 KATOL\u00cdCKA MISIA, BRAUERSTRASSe\u00a099; 8004 Z\u00dcRICH T\/F: 0041 44 241 50 22 Oznamy na 28. nede\u013eu v obdob\u00ed cez rok. Liturgick\u00fd kalend\u00e1r: V utorok je \u013eubovo\u013en\u00e1 spomienka sv. Kalixta I., p\u00e1pe\u017ea a mu\u010den\u00edka. V\u00a0stredu&#46;&#46;&#46;<\/p>\n","protected":false},"author":3,"featured_media":2549,"comment_status":"open","ping_status":"closed","sticky":false,"template":"","format":"standard","meta":{"ngg_post_thumbnail":0},"categories":[24,1],"tags":[],"_links":{"self":[{"href":"https:\/\/www.skmisia.ch\/index.php?rest_route=\/wp\/v2\/posts\/2548"}],"collection":[{"href":"https:\/\/www.skmisia.ch\/index.php?rest_route=\/wp\/v2\/posts"}],"about":[{"href":"https:\/\/www.skmisia.ch\/index.php?rest_route=\/wp\/v2\/types\/post"}],"author":[{"embeddable":true,"href":"https:\/\/www.skmisia.ch\/index.php?rest_route=\/wp\/v2\/users\/3"}],"replies":[{"embeddable":true,"href":"https:\/\/www.skmisia.ch\/index.php?rest_route=%2Fwp%2Fv2%2Fcomments&post=2548"}],"version-history":[{"count":2,"href":"https:\/\/www.skmisia.ch\/index.php?rest_route=\/wp\/v2\/posts\/2548\/revisions"}],"predecessor-version":[{"id":2551,"href":"https:\/\/www.skmisia.ch\/index.php?rest_route=\/wp\/v2\/posts\/2548\/revisions\/2551"}],"wp:featuredmedia":[{"embeddable":true,"href":"https:\/\/www.skmisia.ch\/index.php?rest_route=\/wp\/v2\/media\/2549"}],"wp:attachment":[{"href":"https:\/\/www.skmisia.ch\/index.php?rest_route=%2Fwp%2Fv2%2Fmedia&parent=2548"}],"wp:term":[{"taxonomy":"category","embeddable":true,"href":"https:\/\/www.skmisia.ch\/index.php?rest_route=%2Fwp%2Fv2%2Fcategories&post=2548"},{"taxonomy":"post_tag","embeddable":true,"href":"https:\/\/www.skmisia.ch\/index.php?rest_route=%2Fwp%2Fv2%2Ftags&post=2548"}],"curies":[{"name":"wp","href":"https:\/\/api.w.org\/{rel}","templated":true}]}}