{"id":2543,"date":"2014-10-05T16:36:43","date_gmt":"2014-10-05T15:36:43","guid":{"rendered":"https:\/\/www.skmisia.ch\/?p=2543"},"modified":"2019-04-08T21:09:17","modified_gmt":"2019-04-08T20:09:17","slug":"oznamy-na-27-nedelu-v-obdobi-cez-rok","status":"publish","type":"post","link":"https:\/\/www.skmisia.ch\/?p=2543","title":{"rendered":"Oznamy na 27. nede\u013eu v obdob\u00ed cez rok"},"content":{"rendered":"<p><span style=\"line-height: 1.5em;\">Liturgick\u00fd kalend\u00e1r:<\/span><\/p>\n<p>V utorok je spomienka Ru\u017eencovej Panny M\u00e1rie.<\/p>\n<p>V sobotu je \u013eubovo\u013en\u00e1 spomienka Panny M\u00e1rie v sobotu.<\/p>\n<p>Bud\u00facu nede\u013eu je 28. nede\u013ea v obdob\u00ed cez rok.<\/p>\n<p><span style=\"line-height: 1.5em;\">\u00a0<\/span><\/p>\n<p>V stredu bude sv. om\u0161a o 20:00 v kostole sv. J\u00e1na Bosca na Talianskej misii. Stretnutie spevokolu je \u00bd hodimu pred sv. om\u0161ou. Sl\u00e1vici na ulici s\u00fa pozvan\u00ed.<\/p>\n<p><span style=\"line-height: 1.5em;\">Vo \u0161tvrtok nebude \u0161portov\u00fd kr\u00fa\u017eok.<\/span><\/p>\n<p><span style=\"line-height: 1.5em;\">V\u00a0piatok je mo\u017enos\u0165 ml\u00e1de\u017en\u00edckeho biblick\u00e9ho stretnutia. Stret\u00e1me sa na talianskej misii u\u017e o\u00a019:30 na Talianskej misii.<\/span><\/p>\n<p>&nbsp;<\/p>\n<p>18.-19. Okt\u00f3bra v\u00e1s poz\u00fdvame na predn\u00e1\u0161ky o\u00a0man\u017eelstve a\u00a0vz\u0165ahoch na Taliansku misiu:<\/p>\n<p><span style=\"line-height: 1.5em;\">&#8211; Rozdiely medzi mu\u017eom a\u00a0\u017eenou <\/span><b style=\"line-height: 1.5em;\">\u2013 sobota 18.10. o\u00a016:55<\/b><span style=\"line-height: 1.5em;\"> na Taliankej misii<\/span><\/p>\n<p>&#8211; Ako pre\u017ei\u0165 \u0161\u0165astn\u00e9 man\u017eelstvo? \u2013 <b>nede\u013ea 19.10. o 14:30<\/b> na Talianskej misii- t\u00e1to predn\u00e1\u0161ka bude tlmo\u010den\u00e1 do nemeck\u00e9ho jazyka.<\/p>\n<p><span style=\"line-height: 1.5em;\">Osobitne poz\u00fdvam sn\u00fabencov, ktor\u00ed spom\u00ednan\u00e9 predn\u00e1\u0161ky maj\u00fa ako s\u00fa\u010das\u0165 predman\u017eelskej pr\u00edpravy, ale i\u00a0\u0161irok\u00fa verejnos\u0165 a\u00a0mlad\u00fdch. Bli\u017e\u0161ie info na webe.<\/span><\/p>\n<p>&nbsp;<\/p>\n<p><span style=\"line-height: 1.5em;\">Organiza\u010dno-pl\u00e1novacie stretnutie dobrovo\u013en\u00edkov na\u0161ej misie predsa len bude a to 12.10. po sv. om\u0161i.<\/span><\/p>\n<p>V\u010faka za Va\u0161e milodary, ktor\u00fdmi ste prispeli do minulot\u00fd\u017ed\u0148ovej zbierky- vyniesla 396,5 CHF a\u00a08,50 \u20ac. P\u00e1n Boh zapla\u0165!<\/p>\n","protected":false},"excerpt":{"rendered":"<p>Liturgick\u00fd kalend\u00e1r: V utorok je spomienka Ru\u017eencovej Panny M\u00e1rie. V sobotu je \u013eubovo\u013en\u00e1 spomienka Panny M\u00e1rie v sobotu. Bud\u00facu nede\u013eu je 28. nede\u013ea v obdob\u00ed cez rok. \u00a0 V stredu bude sv. om\u0161a o&#46;&#46;&#46;<\/p>\n","protected":false},"author":3,"featured_media":2544,"comment_status":"open","ping_status":"closed","sticky":false,"template":"","format":"standard","meta":{"ngg_post_thumbnail":0},"categories":[24,1],"tags":[],"_links":{"self":[{"href":"https:\/\/www.skmisia.ch\/index.php?rest_route=\/wp\/v2\/posts\/2543"}],"collection":[{"href":"https:\/\/www.skmisia.ch\/index.php?rest_route=\/wp\/v2\/posts"}],"about":[{"href":"https:\/\/www.skmisia.ch\/index.php?rest_route=\/wp\/v2\/types\/post"}],"author":[{"embeddable":true,"href":"https:\/\/www.skmisia.ch\/index.php?rest_route=\/wp\/v2\/users\/3"}],"replies":[{"embeddable":true,"href":"https:\/\/www.skmisia.ch\/index.php?rest_route=%2Fwp%2Fv2%2Fcomments&post=2543"}],"version-history":[{"count":2,"href":"https:\/\/www.skmisia.ch\/index.php?rest_route=\/wp\/v2\/posts\/2543\/revisions"}],"predecessor-version":[{"id":2546,"href":"https:\/\/www.skmisia.ch\/index.php?rest_route=\/wp\/v2\/posts\/2543\/revisions\/2546"}],"wp:featuredmedia":[{"embeddable":true,"href":"https:\/\/www.skmisia.ch\/index.php?rest_route=\/wp\/v2\/media\/2544"}],"wp:attachment":[{"href":"https:\/\/www.skmisia.ch\/index.php?rest_route=%2Fwp%2Fv2%2Fmedia&parent=2543"}],"wp:term":[{"taxonomy":"category","embeddable":true,"href":"https:\/\/www.skmisia.ch\/index.php?rest_route=%2Fwp%2Fv2%2Fcategories&post=2543"},{"taxonomy":"post_tag","embeddable":true,"href":"https:\/\/www.skmisia.ch\/index.php?rest_route=%2Fwp%2Fv2%2Ftags&post=2543"}],"curies":[{"name":"wp","href":"https:\/\/api.w.org\/{rel}","templated":true}]}}