{"id":2536,"date":"2014-10-03T16:33:08","date_gmt":"2014-10-03T15:33:08","guid":{"rendered":"https:\/\/www.skmisia.ch\/?p=2536"},"modified":"2019-04-08T21:09:17","modified_gmt":"2019-04-08T20:09:17","slug":"oznamy-na-26-nedelu-v-obdobi-cez-rok","status":"publish","type":"post","link":"https:\/\/www.skmisia.ch\/?p=2536","title":{"rendered":"Oznamy na 26. nede\u013eu v obdob\u00ed cez rok."},"content":{"rendered":"<p><span style=\"line-height: 1.5em;\">Liturgick\u00fd kalend\u00e1r:<\/span><\/p>\n<p>V pondelok je sviatok sv. Michala, Gabriela a Rafaela, archanjelov.<\/p>\n<p>V utorok je spomienka sv. Hieronyma, k\u0148aza a\u00a0u\u010dite\u013ea Cirkvi.<\/p>\n<p>V\u00a0stredu je sv. Ter\u00e9zie z\u00a0Lisieux, panny a\u00a0u\u010dite\u013eky Cirkvi.<\/p>\n<p>Vo \u0161tvrtok je sv. anjelov str\u00e1\u017ecov, spomienka.<\/p>\n<p>V\u00a0piatok je prv\u00fd piatok v\u00a0mesiaci okt\u00f3ber.<\/p>\n<p>V sobotu je spomienka sv. Franti\u0161ka Assisk\u00e9ho.<\/p>\n<p>Bud\u00facu nede\u013eu je 27. nede\u013ea v obdob\u00ed cez rok.<\/p>\n<p><span style=\"line-height: 1.5em;\">\u00a0<\/span><\/p>\n<p>V stredu bude sv. om\u0161a o 20:00 v kostole sv. J\u00e1na Bosca na Talianskej misii. Stretnutie spevokolu je \u00bd hodimu pred sv. om\u0161ou. Sl\u00e1vici na ulici s\u00fa pozvan\u00ed.<\/p>\n<p><span style=\"line-height: 1.5em;\">Vo \u0161tvrtok bude \u0161portov\u00fd kr\u00fa\u017eok.<\/span><\/p>\n<p><span style=\"line-height: 1.5em;\">V piatok je prv\u00fd piatok v mesiaci. Spoveda\u0165 budem \u00bd hodinu pred sv. Om\u0161ou. Sv. om\u0161a bude o 20:00 tu v Liebfrauen a po nej bude nasledova\u0165 prvopiatkov\u00e1 pobo\u017enos\u0165, po\u010das ktorej bude mo\u017enos\u0165 sv. spoved\u00ed.<\/span><\/p>\n<p>Dnes po sv. om\u0161i maj\u00fa deti vo\u013eno- nie je n\u00e1cvik detsk\u00e9ho zboru. Ale d\u00e1vame im a rodi\u010dom do pozornosti \u201cNede\u013en\u00fd katechizmus\u201d, ktor\u00fd bude fungova\u0165 tvorivou formou raz v mesiaci pod\u013ea rozpisu pre v\u0161etky deti od 7 rokov (vzdialen\u00e1 pr\u00edprava na ISP a utvrdenie vedomost\u00ed star\u0161\u00edch det\u00ed). Najbli\u017e\u0161ie stretnutie bude v nede\u013eu 19.okt\u00f3bra.<\/p>\n<p>18.-19. Okt\u00f3bra v\u00e1s poz\u00fdvame na predn\u00e1\u0161ky o\u00a0man\u017eelstve a\u00a0vz\u0165ahoch na Taliansku misiu:<\/p>\n<p>&#8211;\u00a0Rozdiely medzi mu\u017eom a\u00a0\u017eenou <b>\u2013 sobota 18.10. o\u00a016:55<\/b> na Taliankej misii<\/p>\n<p>&#8211; Ako pre\u017ei\u0165 \u0161\u0165astn\u00e9 man\u017eelstvo? \u2013 <b>nede\u013ea 19.10. o 14:30<\/b> na Talianskej misii<\/p>\n<p>Osobitne poz\u00fdvam sn\u00fabencov, ktor\u00ed spom\u00ednan\u00e9 predn\u00e1\u0161ky maj\u00fa ako s\u00fa\u010das\u0165 predman\u017eelskej pr\u00edpravy, ale i\u00a0\u0161irok\u00fa verejnos\u0165 a\u00a0mlad\u00fdch. Bli\u017e\u0161ie info na webe.<\/p>\n<p>Organiza\u010dno-pl\u00e1novacie stretnutie dobrovo\u013en\u00edkov na\u0161ej misie predsa len bude a to 12.10. po sv. om\u0161i. Dal som si n\u00e1mahu zisti\u0165 z\u00e1ujem a\u00a0mo\u017enosti, je to pre n\u00e1s najvyhovuj\u00facej\u0161\u00ed term\u00edn.<\/p>\n","protected":false},"excerpt":{"rendered":"<p>Liturgick\u00fd kalend\u00e1r: V pondelok je sviatok sv. Michala, Gabriela a Rafaela, archanjelov. V utorok je spomienka sv. Hieronyma, k\u0148aza a\u00a0u\u010dite\u013ea Cirkvi. V\u00a0stredu je sv. Ter\u00e9zie z\u00a0Lisieux, panny a\u00a0u\u010dite\u013eky Cirkvi. Vo \u0161tvrtok je sv. anjelov&#46;&#46;&#46;<\/p>\n","protected":false},"author":3,"featured_media":2541,"comment_status":"open","ping_status":"closed","sticky":false,"template":"","format":"standard","meta":{"ngg_post_thumbnail":0},"categories":[24,1],"tags":[],"_links":{"self":[{"href":"https:\/\/www.skmisia.ch\/index.php?rest_route=\/wp\/v2\/posts\/2536"}],"collection":[{"href":"https:\/\/www.skmisia.ch\/index.php?rest_route=\/wp\/v2\/posts"}],"about":[{"href":"https:\/\/www.skmisia.ch\/index.php?rest_route=\/wp\/v2\/types\/post"}],"author":[{"embeddable":true,"href":"https:\/\/www.skmisia.ch\/index.php?rest_route=\/wp\/v2\/users\/3"}],"replies":[{"embeddable":true,"href":"https:\/\/www.skmisia.ch\/index.php?rest_route=%2Fwp%2Fv2%2Fcomments&post=2536"}],"version-history":[{"count":1,"href":"https:\/\/www.skmisia.ch\/index.php?rest_route=\/wp\/v2\/posts\/2536\/revisions"}],"predecessor-version":[{"id":2542,"href":"https:\/\/www.skmisia.ch\/index.php?rest_route=\/wp\/v2\/posts\/2536\/revisions\/2542"}],"wp:featuredmedia":[{"embeddable":true,"href":"https:\/\/www.skmisia.ch\/index.php?rest_route=\/wp\/v2\/media\/2541"}],"wp:attachment":[{"href":"https:\/\/www.skmisia.ch\/index.php?rest_route=%2Fwp%2Fv2%2Fmedia&parent=2536"}],"wp:term":[{"taxonomy":"category","embeddable":true,"href":"https:\/\/www.skmisia.ch\/index.php?rest_route=%2Fwp%2Fv2%2Fcategories&post=2536"},{"taxonomy":"post_tag","embeddable":true,"href":"https:\/\/www.skmisia.ch\/index.php?rest_route=%2Fwp%2Fv2%2Ftags&post=2536"}],"curies":[{"name":"wp","href":"https:\/\/api.w.org\/{rel}","templated":true}]}}