{"id":2527,"date":"2014-10-03T16:35:26","date_gmt":"2014-10-03T15:35:26","guid":{"rendered":"https:\/\/www.skmisia.ch\/?p=2527"},"modified":"2019-04-08T21:09:17","modified_gmt":"2019-04-08T20:09:17","slug":"manzelske-inspiracie-18-19-11-2014","status":"publish","type":"post","link":"https:\/\/www.skmisia.ch\/?p=2527","title":{"rendered":"Man\u017eelsk\u00e9 in\u0161pir\u00e1cie 18.-19. 10. 2014"},"content":{"rendered":"<p style=\"text-align: center;\"><a href=\"https:\/\/www.skmisia.ch\/wp-content\/uploads\/2014\/09\/rod-1280x853.jpg\"><img decoding=\"async\" loading=\"lazy\" class=\"size-medium wp-image-2528 aligncenter\" alt=\"rod (1280x853)\" src=\"https:\/\/www.skmisia.ch\/wp-content\/uploads\/2014\/09\/rod-1280x853-300x199.jpg\" width=\"300\" height=\"199\" srcset=\"https:\/\/www.skmisia.ch\/wp-content\/uploads\/2014\/09\/rod-1280x853-300x199.jpg 300w, https:\/\/www.skmisia.ch\/wp-content\/uploads\/2014\/09\/rod-1280x853-1024x682.jpg 1024w, https:\/\/www.skmisia.ch\/wp-content\/uploads\/2014\/09\/rod-1280x853.jpg 1280w\" sizes=\"(max-width: 300px) 100vw, 300px\" \/><\/a>Poz\u00fdvame v\u0161etk\u00fdch, obzvl\u00e1\u0161\u0165 sn\u00fabencov, man\u017eelsk\u00e9 p\u00e1ry i jednotlivcov na &#8222;Man\u017eelsk\u00e9 in\u0161pir\u00e1cie&#8220;.<\/p>\n<p>Na 18.-19. okt\u00f3bra prijali pozvanie l\u00eddri man\u017eelsk\u00fdch stretnut\u00ed- 2 man\u017eelsk\u00e9 p\u00e1ry s\u00a0cie\u013eom preh\u013abi\u0165 kres\u0165ansk\u00fa form\u00e1ciu man\u017eelov a podeli\u0165 sa o vlastn\u00e9 sk\u00fasenosti. Uskuto\u010dnia sa 2 stretnutia s t\u00e9mami:<\/p>\n<p>&#8211; <strong>Rozdiely medzi mu\u017eom a\u00a0\u017eenou<\/strong> \u2013 sobota 18.10. o\u00a016:55 na Taliankej misii<\/p>\n<p>&#8211; <strong>Ako pre\u017ei\u0165 \u0161\u0165astn\u00e9 man\u017eelstvo?<\/strong> \u2013 nede\u013ea 19.10. o 14:30 na Talianskej misii.<strong><br \/>\n<\/strong><\/p>\n<p>Talianska misia- kostol sv. J\u00e1na Bosca sa nach\u00e1dza na Feldstr. 109 v Z\u00fcrichu \u2013\u00a0z\u00a0hl. \u017eelezni\u010dnej stanice sa d\u00e1 pr\u00eds\u0165\u00a0trolejbusom \u010d.31. Je to piata\u00a0zast\u00e1vka\u00a0(smer Schlieren)- \u201eBaeckeranlage\u201c. S\u00a0autom je mo\u017en\u00e9\u00a0parkova\u0165 na farskom\u00a0dvore.<\/p>\n<p>Osobitne s\u00fa pozvan\u00ed sn\u00fabenci, ktor\u00ed spom\u00ednan\u00e9 predn\u00e1\u0161ky maj\u00fa ako s\u00fa\u010das\u0165 predman\u017eelskej pr\u00edpravy, ale i\u00a0\u0161irok\u00e1 verejnos\u0165 a\u00a0mlad\u00ed.<\/p>\n","protected":false},"excerpt":{"rendered":"<p>Poz\u00fdvame v\u0161etk\u00fdch, obzvl\u00e1\u0161\u0165 sn\u00fabencov, man\u017eelsk\u00e9 p\u00e1ry i jednotlivcov na &#8222;Man\u017eelsk\u00e9 in\u0161pir\u00e1cie&#8220;. Na 18.-19. okt\u00f3bra prijali pozvanie l\u00eddri man\u017eelsk\u00fdch stretnut\u00ed- 2 man\u017eelsk\u00e9 p\u00e1ry s\u00a0cie\u013eom preh\u013abi\u0165 kres\u0165ansk\u00fa form\u00e1ciu man\u017eelov a podeli\u0165 sa o vlastn\u00e9 sk\u00fasenosti. Uskuto\u010dnia&#46;&#46;&#46;<\/p>\n","protected":false},"author":3,"featured_media":2528,"comment_status":"open","ping_status":"closed","sticky":false,"template":"","format":"standard","meta":{"ngg_post_thumbnail":0},"categories":[24,1],"tags":[],"_links":{"self":[{"href":"https:\/\/www.skmisia.ch\/index.php?rest_route=\/wp\/v2\/posts\/2527"}],"collection":[{"href":"https:\/\/www.skmisia.ch\/index.php?rest_route=\/wp\/v2\/posts"}],"about":[{"href":"https:\/\/www.skmisia.ch\/index.php?rest_route=\/wp\/v2\/types\/post"}],"author":[{"embeddable":true,"href":"https:\/\/www.skmisia.ch\/index.php?rest_route=\/wp\/v2\/users\/3"}],"replies":[{"embeddable":true,"href":"https:\/\/www.skmisia.ch\/index.php?rest_route=%2Fwp%2Fv2%2Fcomments&post=2527"}],"version-history":[{"count":9,"href":"https:\/\/www.skmisia.ch\/index.php?rest_route=\/wp\/v2\/posts\/2527\/revisions"}],"predecessor-version":[{"id":2592,"href":"https:\/\/www.skmisia.ch\/index.php?rest_route=\/wp\/v2\/posts\/2527\/revisions\/2592"}],"wp:featuredmedia":[{"embeddable":true,"href":"https:\/\/www.skmisia.ch\/index.php?rest_route=\/wp\/v2\/media\/2528"}],"wp:attachment":[{"href":"https:\/\/www.skmisia.ch\/index.php?rest_route=%2Fwp%2Fv2%2Fmedia&parent=2527"}],"wp:term":[{"taxonomy":"category","embeddable":true,"href":"https:\/\/www.skmisia.ch\/index.php?rest_route=%2Fwp%2Fv2%2Fcategories&post=2527"},{"taxonomy":"post_tag","embeddable":true,"href":"https:\/\/www.skmisia.ch\/index.php?rest_route=%2Fwp%2Fv2%2Ftags&post=2527"}],"curies":[{"name":"wp","href":"https:\/\/api.w.org\/{rel}","templated":true}]}}