{"id":2247,"date":"2014-09-11T00:13:47","date_gmt":"2014-09-10T23:13:47","guid":{"rendered":"https:\/\/www.skmisia.ch\/?p=2247"},"modified":"2019-04-08T21:09:17","modified_gmt":"2019-04-08T20:09:17","slug":"rodiny-vpred-na-prechadzku-do-prirody","status":"publish","type":"post","link":"https:\/\/www.skmisia.ch\/?p=2247","title":{"rendered":"Rodiny vpred! Na prech\u00e1dzku do pr\u00edrody."},"content":{"rendered":"<p align=\"center\"><i>Slovensk\u00e1 misia v\u00a0Z\u00fcrichu<\/i><\/p>\n<h3 align=\"center\"><strong>V\u00e1s poz\u00fdva na spolo\u010dn\u00fd v\u00fdlet rod\u00edn<\/strong><\/h3>\n<p style=\"text-align: center;\">\u00a0<a href=\"https:\/\/www.skmisia.ch\/wp-content\/uploads\/2014\/09\/3.jpg\"><img decoding=\"async\" loading=\"lazy\" class=\"size-medium wp-image-2248 aligncenter\" alt=\"3\" src=\"https:\/\/www.skmisia.ch\/wp-content\/uploads\/2014\/09\/3-300x180.jpg\" width=\"300\" height=\"180\" srcset=\"https:\/\/www.skmisia.ch\/wp-content\/uploads\/2014\/09\/3-300x180.jpg 300w, https:\/\/www.skmisia.ch\/wp-content\/uploads\/2014\/09\/3.jpg 800w\" sizes=\"(max-width: 300px) 100vw, 300px\" \/><\/a><\/p>\n<p align=\"center\">Mil\u00e9 rodinky, poz\u00fdvame v\u00e1s na spolo\u010dne pre\u017eit\u00fd de\u0148 v\u00a0lone pr\u00edrody.<\/p>\n<h3 align=\"center\"><strong>Melchsee Frutt<\/strong><\/h3>\n<p align=\"center\">Engelberg<\/p>\n<p align=\"center\"><strong><span style=\"color: #ff00ff;\">Kedy?<\/span><\/strong> <strong>20.9.2014 sobota<\/strong><\/p>\n<p align=\"center\"><span style=\"color: #ff00ff;\"><strong>Miesto a \u010das stretnutia:<\/strong><\/span> <strong>pod lanovkou St\u00f6ckalp o 10:30 hod.<\/strong><\/p>\n<p align=\"center\">(pod lanovkou je parkovac\u00ed dom)<\/p>\n<p align=\"center\">Vyvezieme sa lanovkou zo <span style=\"text-decoration: underline;\">St\u00f6ckalp<\/span> na stanicu Melchsee Frutt 1920 m n.m. Tam je nieko\u013eko mo\u017enost\u00ed ako si urobi\u0165 kr\u00e1tku prech\u00e1dzku \u010di men\u0161iu t\u00faru.<\/p>\n<p align=\"center\">Medzi jazerom Melchsee Frutt a\u00a0Tannensee prem\u00e1va vl\u00e1\u010dik.<\/p>\n<p align=\"center\">Vych\u00e1dzkov\u00e9 cesty okolo jazier s\u00fa vhodn\u00e9 aj pre ko\u010d\u00edk.<\/p>\n<p align=\"center\">Pri jazere je viacero ohn\u00edsk,\u00a0kde by sme si mohli spolo\u010dne opiec\u0165 klob\u00e1sky \u010di in\u00e9 dobroty, ktor\u00e9 si prinesiete.<\/p>\n<p style=\"text-align: center;\">\u00a0<a href=\"http:\/\/www.melchsee-frutt.ch\/\">http:\/\/www.melchsee-frutt.ch<\/a><\/p>\n<p align=\"center\">Pozn\u00e1mka: Ve\u013emi n\u00e1m pom\u00f4\u017ee, ak svoju <b>\u00fa\u010das\u0165 a\u00a0kontakt nahl\u00e1site<\/b> mailom, aby sme vedeli, ktor\u00e9 rodiny sa na t\u00fato akciu chystaj\u00fa a\u00a0mali sme tak \u0161ancu sa tam stretn\u00fa\u0165. Od 10. do 29. 9. je na tomto mieste akcia a\u00a0lanovky s\u00fa len za 10 frankov, preto je mo\u017en\u00e9, \u017ee bude v\u00a0St\u00f6ckalp dos\u0165 \u013eud\u00ed, ale v\u010faka zoznamu a\u00a0kontaktom sa n\u00e1m m\u00f4\u017ee podari\u0165 lep\u0161ie sa skoordinova\u0165.<\/p>\n<p align=\"center\"><a href=\"mailto:sipula@centrum.sk\"><b><i>sipula@centrum.sk<\/i><\/b><\/a><b><i>, 079\u00a0683 99 62<\/i><\/b><\/p>\n","protected":false},"excerpt":{"rendered":"<p>Slovensk\u00e1 misia v\u00a0Z\u00fcrichu V\u00e1s poz\u00fdva na spolo\u010dn\u00fd v\u00fdlet rod\u00edn \u00a0 Mil\u00e9 rodinky, poz\u00fdvame v\u00e1s na spolo\u010dne pre\u017eit\u00fd de\u0148 v\u00a0lone pr\u00edrody. Melchsee Frutt Engelberg Kedy? 20.9.2014 sobota Miesto a \u010das stretnutia: pod lanovkou St\u00f6ckalp o&#46;&#46;&#46;<\/p>\n","protected":false},"author":3,"featured_media":2248,"comment_status":"open","ping_status":"closed","sticky":false,"template":"","format":"standard","meta":{"ngg_post_thumbnail":0},"categories":[24,1],"tags":[],"_links":{"self":[{"href":"https:\/\/www.skmisia.ch\/index.php?rest_route=\/wp\/v2\/posts\/2247"}],"collection":[{"href":"https:\/\/www.skmisia.ch\/index.php?rest_route=\/wp\/v2\/posts"}],"about":[{"href":"https:\/\/www.skmisia.ch\/index.php?rest_route=\/wp\/v2\/types\/post"}],"author":[{"embeddable":true,"href":"https:\/\/www.skmisia.ch\/index.php?rest_route=\/wp\/v2\/users\/3"}],"replies":[{"embeddable":true,"href":"https:\/\/www.skmisia.ch\/index.php?rest_route=%2Fwp%2Fv2%2Fcomments&post=2247"}],"version-history":[{"count":4,"href":"https:\/\/www.skmisia.ch\/index.php?rest_route=\/wp\/v2\/posts\/2247\/revisions"}],"predecessor-version":[{"id":2252,"href":"https:\/\/www.skmisia.ch\/index.php?rest_route=\/wp\/v2\/posts\/2247\/revisions\/2252"}],"wp:featuredmedia":[{"embeddable":true,"href":"https:\/\/www.skmisia.ch\/index.php?rest_route=\/wp\/v2\/media\/2248"}],"wp:attachment":[{"href":"https:\/\/www.skmisia.ch\/index.php?rest_route=%2Fwp%2Fv2%2Fmedia&parent=2247"}],"wp:term":[{"taxonomy":"category","embeddable":true,"href":"https:\/\/www.skmisia.ch\/index.php?rest_route=%2Fwp%2Fv2%2Fcategories&post=2247"},{"taxonomy":"post_tag","embeddable":true,"href":"https:\/\/www.skmisia.ch\/index.php?rest_route=%2Fwp%2Fv2%2Ftags&post=2247"}],"curies":[{"name":"wp","href":"https:\/\/api.w.org\/{rel}","templated":true}]}}