{"id":2236,"date":"2015-09-18T10:53:18","date_gmt":"2015-09-18T09:53:18","guid":{"rendered":"https:\/\/www.skmisia.ch\/?p=2236"},"modified":"2019-04-08T21:09:15","modified_gmt":"2019-04-08T20:09:15","slug":"pochod-za-zivot","status":"publish","type":"post","link":"https:\/\/www.skmisia.ch\/?p=2236","title":{"rendered":"Pochod za \u017eivot v Z\u00fcrichu 19.9. 2015 &#8211; Marsch f\u00fcrs L\u00e4be"},"content":{"rendered":"<p>&nbsp;<\/p>\n<p>&nbsp;<\/p>\n<p>Daj aj ty svoj hlas nenaroden\u00fdm de\u0165om!<img decoding=\"async\" loading=\"lazy\" class=\"size-full wp-image-4258 alignright\" src=\"https:\/\/www.skmisia.ch\/wp-content\/uploads\/2014\/09\/logo-MFL.png\" alt=\"logo MFL\" width=\"141\" height=\"106\" \/><\/p>\n<p>Viac info:<\/p>\n<p><a title=\"www.marschfuerslaebe.ch\" href=\"http:\/\/www.marschfuerslaebe.ch\" target=\"_blank\" rel=\"noopener noreferrer\">http:\/\/www.marschfuerslaebe.ch<\/a><\/p>\n<p>Let\u00e1k ku akcii:\u00a0<a href=\"https:\/\/www.skmisia.ch\/wp-content\/uploads\/2014\/09\/MfL_Flyer_2015_Web.pdf\">MfL_Flyer_2015_Web<\/a><\/p>\n<p><a href=\"https:\/\/www.skmisia.ch\/wp-content\/uploads\/2014\/09\/Image0012.jpg\" target=\"_blank\" rel=\"noopener noreferrer\"><img decoding=\"async\" loading=\"lazy\" class=\"alignnone size-medium wp-image-4259\" src=\"https:\/\/www.skmisia.ch\/wp-content\/uploads\/2014\/09\/Image0012-212x300.jpg\" alt=\"Pochod za zivot\" width=\"212\" height=\"300\" srcset=\"https:\/\/www.skmisia.ch\/wp-content\/uploads\/2014\/09\/Image0012-212x300.jpg 212w, https:\/\/www.skmisia.ch\/wp-content\/uploads\/2014\/09\/Image0012-724x1024.jpg 724w\" sizes=\"(max-width: 212px) 100vw, 212px\" \/><\/a><\/p>\n<p><a href=\"https:\/\/www.skmisia.ch\/wp-content\/uploads\/2014\/09\/12.jpg\"><img decoding=\"async\" loading=\"lazy\" class=\"alignnone size-medium wp-image-2237\" src=\"https:\/\/www.skmisia.ch\/wp-content\/uploads\/2014\/09\/12-216x300.jpg\" alt=\"1\" width=\"216\" height=\"300\" srcset=\"https:\/\/www.skmisia.ch\/wp-content\/uploads\/2014\/09\/12-216x300.jpg 216w, https:\/\/www.skmisia.ch\/wp-content\/uploads\/2014\/09\/12.jpg 400w\" sizes=\"(max-width: 216px) 100vw, 216px\" \/><\/a><\/p>\n<p>&nbsp;<\/p>\n<p>&nbsp;<\/p>\n","protected":false},"excerpt":{"rendered":"<p>&nbsp; &nbsp; Daj aj ty svoj hlas nenaroden\u00fdm de\u0165om! Viac info: http:\/\/www.marschfuerslaebe.ch Let\u00e1k ku akcii:\u00a0MfL_Flyer_2015_Web &nbsp; &nbsp;<\/p>\n","protected":false},"author":3,"featured_media":4259,"comment_status":"open","ping_status":"closed","sticky":false,"template":"","format":"video","meta":{"ngg_post_thumbnail":0},"categories":[24,1],"tags":[],"_links":{"self":[{"href":"https:\/\/www.skmisia.ch\/index.php?rest_route=\/wp\/v2\/posts\/2236"}],"collection":[{"href":"https:\/\/www.skmisia.ch\/index.php?rest_route=\/wp\/v2\/posts"}],"about":[{"href":"https:\/\/www.skmisia.ch\/index.php?rest_route=\/wp\/v2\/types\/post"}],"author":[{"embeddable":true,"href":"https:\/\/www.skmisia.ch\/index.php?rest_route=\/wp\/v2\/users\/3"}],"replies":[{"embeddable":true,"href":"https:\/\/www.skmisia.ch\/index.php?rest_route=%2Fwp%2Fv2%2Fcomments&post=2236"}],"version-history":[{"count":8,"href":"https:\/\/www.skmisia.ch\/index.php?rest_route=\/wp\/v2\/posts\/2236\/revisions"}],"predecessor-version":[{"id":9329,"href":"https:\/\/www.skmisia.ch\/index.php?rest_route=\/wp\/v2\/posts\/2236\/revisions\/9329"}],"wp:featuredmedia":[{"embeddable":true,"href":"https:\/\/www.skmisia.ch\/index.php?rest_route=\/wp\/v2\/media\/4259"}],"wp:attachment":[{"href":"https:\/\/www.skmisia.ch\/index.php?rest_route=%2Fwp%2Fv2%2Fmedia&parent=2236"}],"wp:term":[{"taxonomy":"category","embeddable":true,"href":"https:\/\/www.skmisia.ch\/index.php?rest_route=%2Fwp%2Fv2%2Fcategories&post=2236"},{"taxonomy":"post_tag","embeddable":true,"href":"https:\/\/www.skmisia.ch\/index.php?rest_route=%2Fwp%2Fv2%2Ftags&post=2236"}],"curies":[{"name":"wp","href":"https:\/\/api.w.org\/{rel}","templated":true}]}}