{"id":2231,"date":"2014-09-01T13:20:14","date_gmt":"2014-09-01T12:20:14","guid":{"rendered":"https:\/\/www.skmisia.ch\/?p=2231"},"modified":"2019-04-08T21:09:17","modified_gmt":"2019-04-08T20:09:17","slug":"ministrantska-generalka","status":"publish","type":"post","link":"https:\/\/www.skmisia.ch\/?p=2231","title":{"rendered":"Mini\u0161trantsk\u00e1 gener\u00e1lka"},"content":{"rendered":"<p>Mil\u00ed mini\u0161tranti. D\u00fafam, \u017ee ste po\u010das pr\u00e1zdnin nabrali ve\u013ea s\u00edl, preto\u017ee ide do tuh\u00e9ho. Bl\u00ed\u017ei sa n\u00e1m vrchol sez\u00f3ny- p\u00fa\u0165 do Einsiedeln. Z\u00a0toho d\u00f4vodu podnikneme nasleduj\u00faci program:<\/p>\n<p><a href=\"https:\/\/www.skmisia.ch\/wp-content\/uploads\/2014\/09\/11.jpg\"><img decoding=\"async\" loading=\"lazy\" class=\"size-full wp-image-2232 alignleft\" alt=\"1\" src=\"https:\/\/www.skmisia.ch\/wp-content\/uploads\/2014\/09\/11.jpg\" width=\"236\" height=\"213\" \/><\/a>V sobotu 6.9. 2014 sa z\u00a0Talianskej misie o\u00a012:00 misijn\u00fdm tax\u00edkom presunieme do Einsiedelnu, kde bude mini\u0161trantsk\u00fd n\u00e1cvik. Po n\u00e1cviku zakotv\u00edme u\u00a0Trochkr\u00e1\u013eov a\u00a0posiln\u00edme sa v\u00fddatnou \u0161pen\u00e1tovou zmrzlinou. Budete sa oblyzova\u0165!<\/p>\n<p>O\u00a014:00 vy\u0161tartuje misijn\u00fd tax\u00edk v\u00a0smere Einsiedeln \u2013 Horgen \u2013 Z\u00fcrich \u2013 D\u00fcbendorf.<\/p>\n","protected":false},"excerpt":{"rendered":"<p>Mil\u00ed mini\u0161tranti. D\u00fafam, \u017ee ste po\u010das pr\u00e1zdnin nabrali ve\u013ea s\u00edl, preto\u017ee ide do tuh\u00e9ho. Bl\u00ed\u017ei sa n\u00e1m vrchol sez\u00f3ny- p\u00fa\u0165 do Einsiedeln. Z\u00a0toho d\u00f4vodu podnikneme nasleduj\u00faci program: V sobotu 6.9. 2014 sa z\u00a0Talianskej misie&#46;&#46;&#46;<\/p>\n","protected":false},"author":3,"featured_media":2232,"comment_status":"open","ping_status":"closed","sticky":false,"template":"","format":"standard","meta":{"ngg_post_thumbnail":0},"categories":[24,1],"tags":[],"_links":{"self":[{"href":"https:\/\/www.skmisia.ch\/index.php?rest_route=\/wp\/v2\/posts\/2231"}],"collection":[{"href":"https:\/\/www.skmisia.ch\/index.php?rest_route=\/wp\/v2\/posts"}],"about":[{"href":"https:\/\/www.skmisia.ch\/index.php?rest_route=\/wp\/v2\/types\/post"}],"author":[{"embeddable":true,"href":"https:\/\/www.skmisia.ch\/index.php?rest_route=\/wp\/v2\/users\/3"}],"replies":[{"embeddable":true,"href":"https:\/\/www.skmisia.ch\/index.php?rest_route=%2Fwp%2Fv2%2Fcomments&post=2231"}],"version-history":[{"count":2,"href":"https:\/\/www.skmisia.ch\/index.php?rest_route=\/wp\/v2\/posts\/2231\/revisions"}],"predecessor-version":[{"id":2234,"href":"https:\/\/www.skmisia.ch\/index.php?rest_route=\/wp\/v2\/posts\/2231\/revisions\/2234"}],"wp:featuredmedia":[{"embeddable":true,"href":"https:\/\/www.skmisia.ch\/index.php?rest_route=\/wp\/v2\/media\/2232"}],"wp:attachment":[{"href":"https:\/\/www.skmisia.ch\/index.php?rest_route=%2Fwp%2Fv2%2Fmedia&parent=2231"}],"wp:term":[{"taxonomy":"category","embeddable":true,"href":"https:\/\/www.skmisia.ch\/index.php?rest_route=%2Fwp%2Fv2%2Fcategories&post=2231"},{"taxonomy":"post_tag","embeddable":true,"href":"https:\/\/www.skmisia.ch\/index.php?rest_route=%2Fwp%2Fv2%2Ftags&post=2231"}],"curies":[{"name":"wp","href":"https:\/\/api.w.org\/{rel}","templated":true}]}}