{"id":2221,"date":"2018-08-28T05:10:59","date_gmt":"2018-08-28T04:10:59","guid":{"rendered":"https:\/\/www.skmisia.ch\/?p=2221"},"modified":"2019-04-08T21:08:45","modified_gmt":"2019-04-08T20:08:45","slug":"slovenska-narodna-put-v-einsiedeln-7-september-2014","status":"publish","type":"post","link":"https:\/\/www.skmisia.ch\/?p=2221","title":{"rendered":"Program p\u00fate v Einsiedeln 2.9. 2018"},"content":{"rendered":"<p><span style=\"color: #333333;\">2Mil\u00ed veriaci, krajania i sympatizanti na\u0161ej Slovenskej katol\u00edckej misie,<\/span><\/p>\n<p><span style=\"color: #333333;\">dovo\u013ete mi srde\u010dne v\u00e1s pozdravi\u0165 a pozva\u0165 na Slovensk\u00fa n\u00e1rodn\u00fa p\u00fa\u0165 do Einsiedeln. Osobitne sa obraciam na t\u00fdch z V\u00e1s sk\u00f4r naroden\u00fdch, ktor\u00ed m\u00f4\u017eete spolu s nami pr\u00eds\u0165 po\u010fakova\u0165 Bohu a Bo\u017eej matke M\u00e1rii za 50. rokov ochrany.<\/span><\/p>\n<p><span style=\"color: #333333;\">Nako\u013eko Mons. Ha\u013eko m\u00e1 povinnosti na kongreg\u00e1cii pre biskupov a kl\u00e9rus vo Vatik\u00e1ne, na na\u0161ej p\u00fati ho zast\u00fapi Mons. Franti\u0161ek R\u00e1bek. Sme mu v\u010fa\u010dn\u00ed za jeho pru\u017enos\u0165 a\u00a0ochotu.<\/span><\/p>\n<p><span style=\"color: #333333;\">\u00a0\u00a0\u00a0\u00a0 Obraciame sa tie\u017e na krajanov s prosbou, aby prispeli ku zv\u00fdrazneniu sl\u00e1vnosti akt\u00edvnym spevom, modlitbou a oble\u010den\u00edm sa do kr\u00e1snych slovensk\u00fdch krojov. Te\u0161\u00edme sa na spolo\u010dn\u00fa p\u00fatnu sl\u00e1vnos\u0165 a hojn\u00e9 duchovn\u00e9 dary, ktor\u00fdmi n\u00e1s Matka Bo\u017eia obdar\u00ed.<\/span><\/p>\n<p align=\"center\"><span style=\"color: #000000;\"><strong>PROGRAM P\u00daTE &#8211; 2. SEPTEMBER 2018:\u00a0<\/strong><\/span><\/p>\n<p><span style=\"color: #000000;\"><strong>10:00\u00a0\u00a0\u00a0\u00a0\u00a0 VYSLUHOVANIE SVIATOSTI ZMIERENIA V KAPLNKE NA SPOVEDANIE \u00a0 \u00a0 \u00a0 \u00a0 \u00a0 \u00a0 \u00a0 \u00a0 \u00a0 \u00a0 \u00a0 \u00a0 \u00a0 \u00a0 \u00a0 \u00a0 (VCHOD S N\u00c1PISOM GYMNASIUM)<\/strong><\/span><\/p>\n<p align=\"center\"><span style=\"color: #000000;\"><strong>\u00a0<\/strong><\/span><\/p>\n<p><span style=\"color: #000000;\"><strong>12:10 \u00a0 \u00a0 \u00a0 ZORADENIE PROCESIE KU SL\u00c1VNOSTN\u00c9MU VSTUPU DO BAZILIKY<\/strong><\/span><\/p>\n<p align=\"center\"><span style=\"color: #000000;\"><strong>\u00a0<\/strong><\/span><\/p>\n<p><span style=\"color: #000000;\"><strong>12:30 \u00a0 \u00a0 \u00a0 ZA\u010cIATOK SV\u00c4TEJ OM\u0160E<\/strong><\/span><\/p>\n<p><span style=\"color: #000000;\"><strong>\u00a0<\/strong><\/span><\/p>\n<p><span style=\"color: #000000;\"><strong>14:30\u00a0\u00a0\u00a0\u00a0\u00a0 PO SV. OM\u0160I BUDE MO\u017dNOS\u0164 SPOLO\u010cN\u00c9HO OBEDU V RE\u0160TAUR\u00c1CII DREI K\u00d6NIGE, ASI 5 MIN. CH\u00d4DZE OD BAZILIKY, KTOR\u00c1 JE REZERVOVAN\u00c1 PRE \u00a0 \u00a0 \u00a0 \u00a0 \u00a0 \u00a0 \u00a0 \u00a0 \u00a0 \u00a0 \u00a0 \u00a0 \u00a0 \u00a0 \u00a0 \u00a0 \u00a0 \u00a0 \u00a0 \u00a0 \u00a0 \u00a0 \u00a0 \u00a0 \u00a0 \u00a0 \u00a0 \u00a0 \u00a0 \u00a0 \u00a0 \u00a0 \u00a0 \u00a0 \u00a0 \u00a0 \u00a0 \u00a0 \u00a0 \u00a0 \u00a0 \u00a0 \u00a0 \u00a0 \u00da\u010cASTN\u00cdKOV P\u00daTE.<\/strong><\/span><\/p>\n<p>&nbsp;<\/p>\n<table style=\"height: 679px;\" width=\"678\">\n<tbody>\n<tr>\n<td width=\"601\">\n<p style=\"text-align: center;\"><span style=\"color: #333333;\"><strong><a style=\"color: #333333;\" href=\"https:\/\/www.skmisia.ch\/wp-content\/uploads\/2017\/09\/rabek.gif\" target=\"_blank\" rel=\"noopener noreferrer\"><img decoding=\"async\" loading=\"lazy\" class=\"alignleft wp-image-8625\" src=\"https:\/\/www.skmisia.ch\/wp-content\/uploads\/2017\/09\/rabek.gif\" alt=\"\" width=\"174\" height=\"219\" \/><\/a><\/strong><\/span><strong>CELEBRANT P\u00daTE &#8211; EINSIEDELN 2018<\/strong><\/p>\n<h6 style=\"text-align: center;\"><span style=\"color: #333333;\">\u00a0\u00a0\u00a0\u00a0\u00a0\u00a0\u00a0 J. E. Mons. \u00a0\u00a0 Franti\u0161ek R\u00e1bek<\/span><\/h6>\n<h6 style=\"text-align: center;\"><span style=\"color: #333333;\">\u00a0\u00a0\u00a0 od 1.3.2003<\/span><\/h6>\n<h6 style=\"text-align: center;\">\u00a0\u00a0\u00a0 vojensk\u00fd ordin\u00e1r<\/h6>\n<p>&nbsp;<\/p>\n<p>&nbsp;<\/p>\n<p>&nbsp;<\/p>\n<p><span style=\"color: #333333;\"><strong>1972-1973 kapl\u00e1n Bo\u0161any<\/strong><\/span><\/p>\n<p><span style=\"color: #333333;\"><strong>1973-1979 kapl\u00e1n Nitra-Horn\u00e9 mesto<\/strong><\/span><\/p>\n<p><span style=\"color: #333333;\"><strong>1979-1982 duchovn\u00fd spr\u00e1vca Nitra- Kalv\u00e1ria<\/strong><\/span><\/p>\n<p><span style=\"color: #333333;\"><strong>1982-1989 spr\u00e1vca farnosti Dr\u00e1\u017eovce<\/strong><\/span><\/p>\n<p><span style=\"color: #333333;\"><strong>1989-1991 spr\u00e1vca farnosti \u010cierne pri \u010cadci<\/strong><\/span><\/p>\n<p><span style=\"color: #333333;\"><strong>od roku 1990 gener\u00e1lny vik\u00e1r<\/strong><\/span><\/p>\n<p><span style=\"color: #333333;\"><strong>1991 menovan\u00fd za titul\u00e1rneho biskupa Catrensis<\/strong><\/span><\/p>\n<p>&nbsp;<\/td>\n<\/tr>\n<\/tbody>\n<\/table>\n<p>&nbsp;<\/p>\n<p>&nbsp;<\/p>\n<p align=\"center\"><span style=\"text-decoration: underline; line-height: 1.5em;\">PROSBA:<\/span><\/p>\n<p align=\"center\">Pros\u00edme v\u0161etk\u00fdch pr\u00edtomn\u00fdch, aby svoju pln\u00fa \u00fa\u010das\u0165 na p\u00fati vyjadrili ochotn\u00fdm zaraden\u00edm sa do p\u00fatnick\u00e9ho sprievodu.<\/p>\n<p align=\"center\">Jeho usporiadanie je nasledovn\u00e9:<\/p>\n<p align=\"center\">1. Kadidlo a\u00a0kr\u00ed\u017e<\/p>\n<p align=\"center\">2. \u0160t\u00e1tny znak<\/p>\n<p align=\"center\">3. Mari\u00e1nska z\u00e1stava<\/p>\n<p align=\"center\">4. Deti, ml\u00e1de\u017e a\u00a0dospel\u00ed v\u00a0krojoch<\/p>\n<p align=\"center\">5. Mini\u0161tranti, k\u0148azi a\u00a0diakoni s\u00a0biskupom<\/p>\n<p align=\"center\">6. V\u0161etci ostatn\u00ed veriaci<\/p>\n<p align=\"center\"><span style=\"line-height: 1.5em;\">Prist\u00fapenie ku sviatosti pok\u00e1nia a\u00a0eucharistie je najkraj\u0161\u00edm duchovn\u00fdm darom Sedembolestnej Panne M\u00e1rii a\u00a0d\u00f4kazom \u017eivej viery, ktor\u00e1 je prame\u0148om v\u0161etk\u00e9ho po\u017eehnania.<\/span><\/p>\n","protected":false},"excerpt":{"rendered":"<p>2Mil\u00ed veriaci, krajania i sympatizanti na\u0161ej Slovenskej katol\u00edckej misie, dovo\u013ete mi srde\u010dne v\u00e1s pozdravi\u0165 a pozva\u0165 na Slovensk\u00fa n\u00e1rodn\u00fa p\u00fa\u0165 do Einsiedeln. Osobitne sa obraciam na t\u00fdch z V\u00e1s sk\u00f4r naroden\u00fdch, ktor\u00ed m\u00f4\u017eete spolu&#46;&#46;&#46;<\/p>\n","protected":false},"author":3,"featured_media":2225,"comment_status":"open","ping_status":"closed","sticky":false,"template":"","format":"standard","meta":{"ngg_post_thumbnail":0},"categories":[24,1],"tags":[],"_links":{"self":[{"href":"https:\/\/www.skmisia.ch\/index.php?rest_route=\/wp\/v2\/posts\/2221"}],"collection":[{"href":"https:\/\/www.skmisia.ch\/index.php?rest_route=\/wp\/v2\/posts"}],"about":[{"href":"https:\/\/www.skmisia.ch\/index.php?rest_route=\/wp\/v2\/types\/post"}],"author":[{"embeddable":true,"href":"https:\/\/www.skmisia.ch\/index.php?rest_route=\/wp\/v2\/users\/3"}],"replies":[{"embeddable":true,"href":"https:\/\/www.skmisia.ch\/index.php?rest_route=%2Fwp%2Fv2%2Fcomments&post=2221"}],"version-history":[{"count":20,"href":"https:\/\/www.skmisia.ch\/index.php?rest_route=\/wp\/v2\/posts\/2221\/revisions"}],"predecessor-version":[{"id":8690,"href":"https:\/\/www.skmisia.ch\/index.php?rest_route=\/wp\/v2\/posts\/2221\/revisions\/8690"}],"wp:featuredmedia":[{"embeddable":true,"href":"https:\/\/www.skmisia.ch\/index.php?rest_route=\/wp\/v2\/media\/2225"}],"wp:attachment":[{"href":"https:\/\/www.skmisia.ch\/index.php?rest_route=%2Fwp%2Fv2%2Fmedia&parent=2221"}],"wp:term":[{"taxonomy":"category","embeddable":true,"href":"https:\/\/www.skmisia.ch\/index.php?rest_route=%2Fwp%2Fv2%2Fcategories&post=2221"},{"taxonomy":"post_tag","embeddable":true,"href":"https:\/\/www.skmisia.ch\/index.php?rest_route=%2Fwp%2Fv2%2Ftags&post=2221"}],"curies":[{"name":"wp","href":"https:\/\/api.w.org\/{rel}","templated":true}]}}