{"id":2208,"date":"2014-08-30T21:14:52","date_gmt":"2014-08-30T20:14:52","guid":{"rendered":"https:\/\/www.skmisia.ch\/?p=2208"},"modified":"2019-04-08T21:09:17","modified_gmt":"2019-04-08T20:09:17","slug":"2208","status":"publish","type":"post","link":"https:\/\/www.skmisia.ch\/?p=2208","title":{"rendered":"Oznamy na 21. nede\u013eu"},"content":{"rendered":"<p align=\"center\"><b>SLOVENSK<\/b><b>\u00c1 KATOL\u00cdCKA MISIA, BRAUERSTRA<\/b><b>SSe<\/b><b>\u00a0<\/b><b>99; 8004 Z\u00dcRICH<\/b><b><\/b><\/p>\n<p align=\"center\"><b>T\/F: 0041 44 241 50 22<\/b><b><\/b><\/p>\n<div align=\"center\">\n<hr align=\"center\" size=\"2\" width=\"100%\" \/>\n<\/div>\n<p><span style=\"line-height: 1.5em;\">Oznamy na 21. Nede\u013eu v obdob\u00ed cez rok.<\/span><\/p>\n<p>Liturgick\u00fd kalend\u00e1r:<\/p>\n<p>V stredu je spomienka sv. Gregora Ve\u013ek\u00e9ho, p\u00e1pe\u017ea a u\u010dite\u013ea Cirkvi.<\/p>\n<p>Vo piatok je prv\u00fd piatok v mesiaci.<\/p>\n<p>V sobotu je \u013eubovo\u013en\u00e1 spomienka Panny M\u00e1rie v sobotu.<\/p>\n<p>Bud\u00faca nede\u013ea je 23. nede\u013ea v obdob\u00ed cez rok.<\/p>\n<p>V stredu o 20:00 v kostole sv. J\u00e1na Bosca Talianskej misii pravideln\u00e1 sv. om\u0161a za \u00fa\u010dasti mlad\u00fdch a po nich mal\u00e9 stretnutie. V\u0161etci sme srde\u010dne pozvan\u00ed. N\u00e1cvik spevu je \u00bd hodinu pred sv. om\u0161ou.<\/p>\n<p>Vo \u0161tvrtok bude \u0161portov\u00fd kr\u00fa\u017eok.<\/p>\n<p>V piatok je\u00a0<b>prv\u00fd piatok<\/b>\u00a0v mesiaci. Spoveda\u0165 budem \u00bd hodinu pred sv. Om\u0161ou. Sv. om\u0161a bude ako obvykle o 20:00 <b>v krypte- Liebfrauen.<\/b> Po sv. om\u0161i bude nasledova\u0165 prvopiatkov\u00e1 pobo\u017enos\u0165 po\u010das ktorej bude mo\u017enos\u0165 sv. spoved\u00ed.<\/p>\n<p>1.\u00a0Pri modlitebn\u00fdch kni\u017ek\u00e1ch n\u00e1jdete nov\u00e9 \u010d\u00edslo Misijn\u00e9ho inform\u00e1tora.<\/p>\n<p>2. Pripom\u00ednam, \u017ee tak ako bolo zvykom, cez p\u00fa\u0165 v\u00a0nede\u013eu 7. septembra nebude v\u00a0krypte slovensk\u00e1 sv. om\u0161a. V\u0161etci sme pozvan\u00ed do Einsiedelnu na sl\u00e1vnostn\u00fa sv. om\u0161u pri pr\u00edle\u017eitosti Slovenskej p\u00fate. Hlavn\u00fdm celebrantom bude otec biskup Viliam Jud\u00e1k. Na p\u00fati v\u00a0Einsiedeln bude aj tradi\u010dn\u00fd sprievod v\u00a0krojoch. Pros\u00edme, aby ste podporili tento sprievod a\u00a0zapolili sa do neho. Aby sme do chr\u00e1mu vst\u00fapili, ako sprievod p\u00fatnikov, je potrebn\u00e9 sme sa e\u0161te pred bazilikou zoradili tak krojovanci, ako i\u00a0ostatn\u00ed veriaci. Po sl\u00e1vnostnej sv. om\u0161i bude i\u00a0spolo\u010dn\u00e9 ob\u010derstvenie. V\u0161etci sme srde\u010dne pozvan\u00ed v\u00a0rodinnom kruhu str\u00e1vi\u0165 i\u00a0obed. Pr\u00ed\u010fme v\u00a0hojnom po\u010dte! Ke\u010f\u017ee n\u00e1m dali k\u00a0dispoz\u00edcii ve\u013ek\u00fa s\u00e1lu (150 os\u00f4b), netreba sa hl\u00e1si\u0165 dopredu, ale je d\u00f4le\u017eit\u00e9, aby sme ju naplno vyu\u017eili. Pre deti bud\u00fa i\u00a0detsk\u00e9 porcie.<\/p>\n<p>Nezab\u00fadajme na duchovn\u00fd rozmer p\u00fate a zav\u0155\u0161me ju dobrou sv. spove\u010fou a sv. prij\u00edman\u00edm.<\/p>\n<p>3. Dnes na k\u00e1ve bude mo\u017enos\u0165 si presk\u00fa\u0161a\u0165 kroje. Bli\u017e\u0161ie info u\u00a0p\u00e1na Zelenaya.<\/p>\n<p>4. De\u0148 pred p\u00fa\u0165ou, v\u00a0sobotu V sobotu 6. Septembra 2014 sa uskuto\u010dn\u00ed <b><span style=\"text-decoration: underline;\">PE\u0160IA P\u00da\u0164 DO EINSIEDELNU<\/span><\/b>. Zraz je o 06.20 hod. vo Wollishofen na kone\u010dnej zast\u00e1vke elektri\u010dky \u010d.7. Bli\u017e\u0161ie info n\u00e1jdete na let\u00e1\u010dikoch pri modlitebn\u00fdch kni\u017ek\u00e1ch alebo na <a href=\"https:\/\/www.skmisia.ch\/\">www.skmisia.ch<\/a><\/p>\n<p>5.\u00a0Po sv. om\u0161i katechumeni vr\u00e1tia symbol viery + vyznan\u00edm viery modlitbou Ver\u00edm v Boha.<\/p>\n<p>6. Chcel by som v\u00e1s informova\u0165 o\u00a0viacer\u00fdch invest\u00edciach na SKM po\u010das pr\u00e1zdnin. Mo\u017eno sa zauj\u00edmate, ako sa pou\u017e\u00edvaj\u00fa prostriedky zo zvon\u010deka, preto je dobr\u00e9, ke\u010f viete na \u010do sa vyu\u017eili. Po\u010das pr\u00e1zdnin sme zak\u00fapili do kancel\u00e1rie PC, ke\u010f\u017ee star\u00fd de\u0148 na to vypovedal (zdroj, softweare). Tie\u017e na z\u00e1klade usmernen\u00ed a\u00a0schv\u00e1len\u00ed reho\u013en\u00e9ho predstaven\u00e9ho a\u00a0biskupa, komunik\u00e1ciou s\u00a0misijnou radou sme sme zak\u00fapili slu\u017eobn\u00e9 auto occasion- viac\u00fa\u010delov\u00fa Mazdu. Financovan\u00e1 bola z\u00a0v\u00e4\u010d\u0161ej \u010dasti asi 2\/3 z\u00a0misijn\u00e9ho rozpo\u010dtu a\u00a0\u010dosi menej ako 1\/3 z\u00a0daru-pr\u00edspevku mision\u00e1ra. Auto je viazan\u00e9, aby tu zostalo k\u00a0dispoz\u00edcii i\u00a0pri v\u00fdmene mision\u00e1ra. Bli\u017e\u0161ie info bude na internete. V\u010faka za va\u0161u podporu prostredn\u00edctvom milodaru po\u010das sv. om\u0161e. Moment\u00e1lne budeme radi ak pokryjeme n\u00e1klady do konca roka, pripadne vytvor\u00edme mal\u00fa rezervu.<\/p>\n<p>7. Mil\u00e9 deti a rodi\u010dia. Radi by sme v\u00e1s pozvali do detsk\u00e9ho spevokolu pri Slovenskej katol\u00edckej misii v Z\u00fcrichu. N\u00e1cviky b\u00fdvaj\u00fa po nede\u013enej sv\u00e4tej om\u0161i, teda pribli\u017ene od 10:30 do 11:00. Pod\u013ea mo\u017enost\u00ed det\u00ed, pr\u00edpadne pod\u013ea potreby max. do 11:15.<\/p>\n<p>8. D\u00f4le\u017eit\u00e1 je rados\u0165 zo spevu, reperto\u00e1r tvoria detsk\u00e9 kres\u0165ansk\u00e9 ukazova\u010dky a jednoduch\u00e9 piesne. Budeme radi, ak sa n\u00e1m spolo\u010dne podar\u00ed obohati\u0165 niektor\u00e9 zo sv\u00e4t\u00fdch om\u0161\u00ed na\u0161im spevom. Dnes je n\u00e1cvik detsk\u00e9ho spevokolu. Ostatn\u00e9 d\u00e1tumy s\u00fa na webe.<\/p>\n<p>9. Mo\u017enos\u0165 sv. spovede po aj po sv. om\u0161i.<\/p>\n","protected":false},"excerpt":{"rendered":"<p>SLOVENSK\u00c1 KATOL\u00cdCKA MISIA, BRAUERSTRASSe\u00a099; 8004 Z\u00dcRICH T\/F: 0041 44 241 50 22 Oznamy na 21. Nede\u013eu v obdob\u00ed cez rok. Liturgick\u00fd kalend\u00e1r: V stredu je spomienka sv. Gregora Ve\u013ek\u00e9ho, p\u00e1pe\u017ea a u\u010dite\u013ea Cirkvi. Vo&#46;&#46;&#46;<\/p>\n","protected":false},"author":3,"featured_media":2209,"comment_status":"open","ping_status":"closed","sticky":false,"template":"","format":"standard","meta":{"ngg_post_thumbnail":0},"categories":[24,1],"tags":[],"_links":{"self":[{"href":"https:\/\/www.skmisia.ch\/index.php?rest_route=\/wp\/v2\/posts\/2208"}],"collection":[{"href":"https:\/\/www.skmisia.ch\/index.php?rest_route=\/wp\/v2\/posts"}],"about":[{"href":"https:\/\/www.skmisia.ch\/index.php?rest_route=\/wp\/v2\/types\/post"}],"author":[{"embeddable":true,"href":"https:\/\/www.skmisia.ch\/index.php?rest_route=\/wp\/v2\/users\/3"}],"replies":[{"embeddable":true,"href":"https:\/\/www.skmisia.ch\/index.php?rest_route=%2Fwp%2Fv2%2Fcomments&post=2208"}],"version-history":[{"count":2,"href":"https:\/\/www.skmisia.ch\/index.php?rest_route=\/wp\/v2\/posts\/2208\/revisions"}],"predecessor-version":[{"id":2211,"href":"https:\/\/www.skmisia.ch\/index.php?rest_route=\/wp\/v2\/posts\/2208\/revisions\/2211"}],"wp:featuredmedia":[{"embeddable":true,"href":"https:\/\/www.skmisia.ch\/index.php?rest_route=\/wp\/v2\/media\/2209"}],"wp:attachment":[{"href":"https:\/\/www.skmisia.ch\/index.php?rest_route=%2Fwp%2Fv2%2Fmedia&parent=2208"}],"wp:term":[{"taxonomy":"category","embeddable":true,"href":"https:\/\/www.skmisia.ch\/index.php?rest_route=%2Fwp%2Fv2%2Fcategories&post=2208"},{"taxonomy":"post_tag","embeddable":true,"href":"https:\/\/www.skmisia.ch\/index.php?rest_route=%2Fwp%2Fv2%2Ftags&post=2208"}],"curies":[{"name":"wp","href":"https:\/\/api.w.org\/{rel}","templated":true}]}}