{"id":2193,"date":"2014-08-30T20:49:48","date_gmt":"2014-08-30T19:49:48","guid":{"rendered":"https:\/\/www.skmisia.ch\/?p=2193"},"modified":"2019-04-08T21:09:17","modified_gmt":"2019-04-08T20:09:17","slug":"2193","status":"publish","type":"post","link":"https:\/\/www.skmisia.ch\/?p=2193","title":{"rendered":"N\u00e1cviky detsk\u00e9ho zboru"},"content":{"rendered":"<p>Mil\u00e9 deti a rodi\u010dia. Radi by sme v\u00e1s pozvali do detsk\u00e9ho spevokolu pri Slovenskej katol\u00edckej misii v Z\u00fcrichu.\u00a0N\u00e1cvik je v\u017edy po nede\u013enej sv\u00e4tej om\u0161i, teda pribli\u017ene od 10:30 do 11:00. max do 11:15.<\/p>\n<p>Je pre n\u00e1s d\u00f4le\u017eit\u00e9, aby sme mali rados\u0165 zo spevu. N\u00e1\u0161 reperto\u00e1r tvoria detsk\u00e9 kres\u0165ansk\u00e9 ukazova\u010dky a jednoduch\u00e9 piesne.<\/p>\n<p>Budeme radi, ak sa n\u00e1m podar\u00ed na\u0161im spolo\u010dn\u00fdm spevom\u00a0obohati\u0165 niektor\u00e9 zo sv\u00e4t\u00fdch om\u0161\u00ed.<\/p>\n<p>Kalend\u00e1r n\u00e1cvikov na prv\u00fd polrok:<\/p>\n<p>31. august<\/p>\n<p>14. a 21. september<\/p>\n<p>19. a 26. okt\u00f3bra<\/p>\n<p>2., 9., 23. a 30. november<\/p>\n<p>7. a 14. december<\/p>\n<p>18. janu\u00e1r\u00a02015<\/p>\n<p>Bli\u017e\u0161ie inform\u00e1cie v\u00e1m radi poskytneme osobne po t\u00fdchto sv\u00e4t\u00fdch om\u0161iach, pr\u00edpadne e-mailom\u00a0<a href=\"mailto:sipula@centrum.sk\" target=\"_blank\" rel=\"noopener noreferrer\">sipula@centrum.sk<\/a>.<\/p>\n","protected":false},"excerpt":{"rendered":"<p>Mil\u00e9 deti a rodi\u010dia. Radi by sme v\u00e1s pozvali do detsk\u00e9ho spevokolu pri Slovenskej katol\u00edckej misii v Z\u00fcrichu.\u00a0N\u00e1cvik je v\u017edy po nede\u013enej sv\u00e4tej om\u0161i, teda pribli\u017ene od 10:30 do 11:00. max do 11:15. Je&#46;&#46;&#46;<\/p>\n","protected":false},"author":3,"featured_media":2194,"comment_status":"open","ping_status":"closed","sticky":false,"template":"","format":"standard","meta":{"ngg_post_thumbnail":0},"categories":[24,1],"tags":[],"_links":{"self":[{"href":"https:\/\/www.skmisia.ch\/index.php?rest_route=\/wp\/v2\/posts\/2193"}],"collection":[{"href":"https:\/\/www.skmisia.ch\/index.php?rest_route=\/wp\/v2\/posts"}],"about":[{"href":"https:\/\/www.skmisia.ch\/index.php?rest_route=\/wp\/v2\/types\/post"}],"author":[{"embeddable":true,"href":"https:\/\/www.skmisia.ch\/index.php?rest_route=\/wp\/v2\/users\/3"}],"replies":[{"embeddable":true,"href":"https:\/\/www.skmisia.ch\/index.php?rest_route=%2Fwp%2Fv2%2Fcomments&post=2193"}],"version-history":[{"count":6,"href":"https:\/\/www.skmisia.ch\/index.php?rest_route=\/wp\/v2\/posts\/2193\/revisions"}],"predecessor-version":[{"id":9341,"href":"https:\/\/www.skmisia.ch\/index.php?rest_route=\/wp\/v2\/posts\/2193\/revisions\/9341"}],"wp:featuredmedia":[{"embeddable":true,"href":"https:\/\/www.skmisia.ch\/index.php?rest_route=\/wp\/v2\/media\/2194"}],"wp:attachment":[{"href":"https:\/\/www.skmisia.ch\/index.php?rest_route=%2Fwp%2Fv2%2Fmedia&parent=2193"}],"wp:term":[{"taxonomy":"category","embeddable":true,"href":"https:\/\/www.skmisia.ch\/index.php?rest_route=%2Fwp%2Fv2%2Fcategories&post=2193"},{"taxonomy":"post_tag","embeddable":true,"href":"https:\/\/www.skmisia.ch\/index.php?rest_route=%2Fwp%2Fv2%2Ftags&post=2193"}],"curies":[{"name":"wp","href":"https:\/\/api.w.org\/{rel}","templated":true}]}}