{"id":2186,"date":"2014-08-28T16:03:37","date_gmt":"2014-08-28T15:03:37","guid":{"rendered":"https:\/\/www.skmisia.ch\/?p=2186"},"modified":"2019-04-08T21:09:17","modified_gmt":"2019-04-08T20:09:17","slug":"modlitba-za-mier-a-zmierenie-medzi-narodmi","status":"publish","type":"post","link":"https:\/\/www.skmisia.ch\/?p=2186","title":{"rendered":"Modlitba za mier a zmierenie medzi n\u00e1rodmi"},"content":{"rendered":"<p>V\u0161emoh\u00faci Bo\u017ee,<br \/>\nvol\u00e1me \u0165a na\u0161\u00edm Otcom, preto\u017ee ver\u00edme, \u017ee sa skl\u00e1\u0148a\u0161 k n\u00e1m ako k svojim de\u0165om.<\/p>\n<p>Vieme, \u017ee t\u00fa\u017ei\u0161 po tom, aby sme na zemi \u017eili v pokoji a v tvojej l\u00e1ske<br \/>\na posiela\u0161 n\u00e1m Ducha Sv\u00e4t\u00e9ho,<br \/>\naby n\u00e1m d\u00e1val silu prekon\u00e1va\u0165 hriech a vytv\u00e1ra\u0165 jednotu.<\/p>\n<p>Ty si darcom pokoja, preto n\u00e1s l\u00e1skavo vypo\u010duj,<br \/>\nke\u010f \u0165a \u00fapenlivo pros\u00edme o mier a pokoj vo svete:<\/p>\n<p>aby v\u0161etci \u013eudia pochopili,<br \/>\n\u017ee nik nem\u00e1 pr\u00e1vo dosahova\u0165 svoje z\u00e1ujmy n\u00e1sil\u00edm a nen\u00e1vis\u0165ou,<br \/>\naby kv\u00f4li sebectvu nieko\u013ek\u00fdch nemuseli mnoh\u00ed uteka\u0165 z vlastn\u00e9ho domova,<br \/>\naby zodpovedn\u00ed br\u00e1nili slobodu a d\u00f4stojnos\u0165 v\u0161etk\u00fdch \u013eud\u00ed,<br \/>\naby nikto netrpel pre svoju vieru a n\u00e1rodnos\u0165,<br \/>\naby nav\u017edy zm\u013akli zbrane, ktor\u00e9 sp\u00f4sobuj\u00fa vyhas\u00ednanie nevinn\u00fdch \u013eudsk\u00fdch \u017eivotov.<\/p>\n<p>Pros\u00edme \u0165a, Ot\u010de, za Sv\u00e4t\u00fa zem, Irak, S\u00fdriu, Ukrajinu a v\u0161etky krajiny,<br \/>\nv ktor\u00fdch \u010dlovek bojuje proti \u010dloveku, brat proti bratovi:<\/p>\n<p>nech odpustenie zv\u00ed\u0165az\u00ed nad nen\u00e1vis\u0165ou a pomstou,<br \/>\npokoj a mier nad ka\u017ed\u00fdm konfliktom,<br \/>\nochrana \u013eudsk\u00e9ho \u017eivota nad ekonomikou a vidinou bohatstva.<\/p>\n<p>Nech tvoj Duch prem\u00f4\u017ee tvrdos\u0165 \u013eudsk\u00fdch s\u0155dc.<\/p>\n<p>O to \u0165a pros\u00edme na pr\u00edhovor Sedembolestnej Panny M\u00e1rie, Kr\u00e1\u013eovnej pokoja,<br \/>\nskrze tvojho Syna Je\u017ei\u0161a Krista, n\u00e1\u0161ho P\u00e1na,<br \/>\nktor\u00fd n\u00e1m otvoril cestu do kr\u00e1\u013eovstva ve\u010dn\u00e9ho pokoja.<br \/>\nAmen.<\/p>\n","protected":false},"excerpt":{"rendered":"<p>V\u0161emoh\u00faci Bo\u017ee, vol\u00e1me \u0165a na\u0161\u00edm Otcom, preto\u017ee ver\u00edme, \u017ee sa skl\u00e1\u0148a\u0161 k n\u00e1m ako k svojim de\u0165om. Vieme, \u017ee t\u00fa\u017ei\u0161 po tom, aby sme na zemi \u017eili v pokoji a v tvojej l\u00e1ske a&#46;&#46;&#46;<\/p>\n","protected":false},"author":3,"featured_media":2212,"comment_status":"open","ping_status":"closed","sticky":false,"template":"","format":"standard","meta":{"ngg_post_thumbnail":0},"categories":[24,1],"tags":[],"_links":{"self":[{"href":"https:\/\/www.skmisia.ch\/index.php?rest_route=\/wp\/v2\/posts\/2186"}],"collection":[{"href":"https:\/\/www.skmisia.ch\/index.php?rest_route=\/wp\/v2\/posts"}],"about":[{"href":"https:\/\/www.skmisia.ch\/index.php?rest_route=\/wp\/v2\/types\/post"}],"author":[{"embeddable":true,"href":"https:\/\/www.skmisia.ch\/index.php?rest_route=\/wp\/v2\/users\/3"}],"replies":[{"embeddable":true,"href":"https:\/\/www.skmisia.ch\/index.php?rest_route=%2Fwp%2Fv2%2Fcomments&post=2186"}],"version-history":[{"count":1,"href":"https:\/\/www.skmisia.ch\/index.php?rest_route=\/wp\/v2\/posts\/2186\/revisions"}],"predecessor-version":[{"id":2188,"href":"https:\/\/www.skmisia.ch\/index.php?rest_route=\/wp\/v2\/posts\/2186\/revisions\/2188"}],"wp:featuredmedia":[{"embeddable":true,"href":"https:\/\/www.skmisia.ch\/index.php?rest_route=\/wp\/v2\/media\/2212"}],"wp:attachment":[{"href":"https:\/\/www.skmisia.ch\/index.php?rest_route=%2Fwp%2Fv2%2Fmedia&parent=2186"}],"wp:term":[{"taxonomy":"category","embeddable":true,"href":"https:\/\/www.skmisia.ch\/index.php?rest_route=%2Fwp%2Fv2%2Fcategories&post=2186"},{"taxonomy":"post_tag","embeddable":true,"href":"https:\/\/www.skmisia.ch\/index.php?rest_route=%2Fwp%2Fv2%2Ftags&post=2186"}],"curies":[{"name":"wp","href":"https:\/\/api.w.org\/{rel}","templated":true}]}}