{"id":2172,"date":"2014-08-23T09:17:21","date_gmt":"2014-08-23T08:17:21","guid":{"rendered":"https:\/\/www.skmisia.ch\/?p=2172"},"modified":"2019-04-08T21:09:17","modified_gmt":"2019-04-08T20:09:17","slug":"oznamy-na-21-nedelu","status":"publish","type":"post","link":"https:\/\/www.skmisia.ch\/?p=2172","title":{"rendered":"Oznamy na 21. Nede\u013eu"},"content":{"rendered":"<p align=\"center\"><b>SLOVENSK<\/b><b>\u00c1 KATOL\u00cdCKA MISIA, BRAUERSTRA<\/b><b>SSe<\/b><b>\u00a0<\/b><b>99; 8004 Z\u00dcRICH<\/b><b><\/b><\/p>\n<p align=\"center\"><b>T\/F: 0041 44 241 50 22<\/b><b><\/b><\/p>\n<div align=\"center\">\n<hr align=\"center\" size=\"2\" width=\"100%\" \/>\n<\/div>\n<p>Oznamy na 21. Nede\u013eu v obdob\u00ed cez rok.<\/p>\n<p>Liturgick\u00fd kalend\u00e1r:<\/p>\n<p>V pondelok je \u013eubovo\u013en\u00e1 spomienka sv. Jozefa Calasanz, k\u0148aza.<\/p>\n<p>V stredu je spomienka sv. Moniky.<\/p>\n<p>Vo \u0161tvrtok je spomienka sv. Angust\u00edna biskupa a u\u010dite\u013ea Cirkvi.<\/p>\n<p>V\u00a0piatok je spomienka Mu\u010den\u00edcka smr\u0165 sv. J\u00e1na Krstite\u013ea.<\/p>\n<p>V sobotu je \u013eubovo\u013en\u00e1 spomienka Panny M\u00e1rie v sobotu.<\/p>\n<p>Bud\u00faca nede\u013ea je 22. nede\u013ea v obdob\u00ed cez rok.<\/p>\n<p>V stredu o 20:00 v kostole sv. J\u00e1na Bosca Talianskej misii za\u010dn\u00fa op\u00e4\u0165 pravideln\u00e9 sv. om\u0161e za \u00fa\u010dasti mlad\u00fdch a po nich mal\u00e9 stretnutie. V\u0161etci sme srde\u010dne pozvan\u00ed.<\/p>\n<p><span style=\"line-height: 1.5em;\">Vo \u0161tvrtok bude \u0161portov\u00fd kr\u00fa\u017eok.<\/span><\/p>\n<p>V sobotu o 15:00 je v Berne sn\u00fabeneck\u00e1 n\u00e1uka- stretnutie s man\u017eelsk\u00fdm p\u00e1rom.<\/p>\n<p>1.\u00a0Deti a\u00a0dospel\u00fdch, ktor\u00ed maj\u00fa v\u00a0novom \u0161kolskom roku z\u00e1ujem o\u00a0pr\u00edpravu na krst, ISP, Birmovku, pros\u00edm, aby sa do <b>30. Augusta<\/b> prihl\u00e1sili na SKM s\u00a0vyplnenou prihl\u00e1\u0161kou. N\u00e1jdete ju na webe, alebo pri modlitebn\u00fdch kni\u017ek\u00e1ch.<\/p>\n<p>2.\u00a0Pri modlitebn\u00fdch kni\u017ek\u00e1ch n\u00e1jdete nov\u00e9 \u010d\u00edslo Misijn\u00e9ho inform\u00e1tora.<\/p>\n<p>3.\u00a0Pripom\u00ednam, \u017ee tak ako bolo zvykom, cez p\u00fa\u0165 v\u00a0nede\u013eu 7. septembra nebude v\u00a0krypte slovensk\u00e1 sv. om\u0161a. V\u0161etci sme pozvan\u00ed do Einsiedelnu.<\/p>\n<p>4.\u00a0De\u0148 pred p\u00fa\u0165ou, v\u00a0sobotu V sobotu 6. Septembra 2014 sa uskuto\u010dn\u00ed <b><span style=\"text-decoration: underline;\">PE\u0160IA P\u00da\u0164 DO EINSIEDELNU<\/span><\/b>. Zraz je o 06.20 hod. vo Wollishofen na kone\u010dnej zast\u00e1vke elektri\u010dky \u010d.7. Bli\u017e\u0161ie info n\u00e1jdete na let\u00e1\u010dikoch pri modlitebn\u00fdch kni\u017ek\u00e1ch alebo na <a href=\"https:\/\/www.skmisia.ch\/\">www.skmisia.ch<\/a><\/p>\n<p>5. Na p\u00fati v\u00a0Einsiedeln bude aj tradi\u010dn\u00fd sprievod v\u00a0krojoch. Pros\u00edme, aby ste podporili tento sprievod a\u00a0zapolili sa do neho. Aby sme do chr\u00e1mu vst\u00fapili, ako sprievod p\u00fatnikov, je potrebn\u00e9 sme sa e\u0161te pred bazilikou zoradili tak krojovanci, ako i\u00a0ostatn\u00ed veriaci. Miesta na sedenie je v\u00a0ichrame isto dos\u0165.<\/p>\n<p>6. T\u00fd\u017ede\u0148 pred p\u00fa\u0165ou na nede\u013enej k\u00e1ve bude mo\u017enos\u0165 si presk\u00fa\u0161a\u0165 kroje. Bli\u017e\u0161ie info u\u00a0p\u00e1na Zelenaja.<\/p>\n<p>7. Po sl\u00e1vnostnej sv. om\u0161i bude i\u00a0spolo\u010dn\u00e9 ob\u010derstvenie. V\u0161etci sme srde\u010dne pozvan\u00ed v\u00a0rodinnom kruhu str\u00e1vi\u0165 i\u00a0obed. Ke\u010f\u017ee n\u00e1m dali k\u00a0dispoz\u00edcii ve\u013ek\u00fa s\u00e1lu (150 os\u00f4b), netreba sa hl\u00e1si\u0165 dopredu, ale je d\u00f4le\u017eit\u00e9, aby sme ju naplno vyu\u017eili. Pre deti bud\u00fa i\u00a0detsk\u00e9 porcie. Preto v\u00e1s u\u017e vopred poz\u00fdvame k\u00a0spolo\u010dn\u00e9mu stolu.<\/p>\n<p>8. Po sv. om\u0161i odovzd\u00e1me katechumenom modlitbu Ot\u010den\u00e1\u0161a.<\/p>\n<p>9. Dnes o\u00a011:00 bude kr\u00e1tke stretnutie Misijnej rady.<\/p>\n<p><a href=\"https:\/\/www.skmisia.ch\/wp-content\/uploads\/2014\/08\/rubens_apostel_petrus_grt.jpg\"><img decoding=\"async\" loading=\"lazy\" class=\"alignnone size-medium wp-image-2173 aligncenter\" alt=\"rubens_apostel_petrus_grt\" src=\"https:\/\/www.skmisia.ch\/wp-content\/uploads\/2014\/08\/rubens_apostel_petrus_grt-228x300.jpg\" width=\"228\" height=\"300\" srcset=\"https:\/\/www.skmisia.ch\/wp-content\/uploads\/2014\/08\/rubens_apostel_petrus_grt-228x300.jpg 228w, https:\/\/www.skmisia.ch\/wp-content\/uploads\/2014\/08\/rubens_apostel_petrus_grt.jpg 520w\" sizes=\"(max-width: 228px) 100vw, 228px\" \/><\/a><\/p>\n","protected":false},"excerpt":{"rendered":"<p>SLOVENSK\u00c1 KATOL\u00cdCKA MISIA, BRAUERSTRASSe\u00a099; 8004 Z\u00dcRICH T\/F: 0041 44 241 50 22 Oznamy na 21. Nede\u013eu v obdob\u00ed cez rok. Liturgick\u00fd kalend\u00e1r: V pondelok je \u013eubovo\u013en\u00e1 spomienka sv. Jozefa Calasanz, k\u0148aza. V stredu je&#46;&#46;&#46;<\/p>\n","protected":false},"author":3,"featured_media":2173,"comment_status":"open","ping_status":"closed","sticky":false,"template":"","format":"standard","meta":{"ngg_post_thumbnail":0},"categories":[24,1],"tags":[],"_links":{"self":[{"href":"https:\/\/www.skmisia.ch\/index.php?rest_route=\/wp\/v2\/posts\/2172"}],"collection":[{"href":"https:\/\/www.skmisia.ch\/index.php?rest_route=\/wp\/v2\/posts"}],"about":[{"href":"https:\/\/www.skmisia.ch\/index.php?rest_route=\/wp\/v2\/types\/post"}],"author":[{"embeddable":true,"href":"https:\/\/www.skmisia.ch\/index.php?rest_route=\/wp\/v2\/users\/3"}],"replies":[{"embeddable":true,"href":"https:\/\/www.skmisia.ch\/index.php?rest_route=%2Fwp%2Fv2%2Fcomments&post=2172"}],"version-history":[{"count":2,"href":"https:\/\/www.skmisia.ch\/index.php?rest_route=\/wp\/v2\/posts\/2172\/revisions"}],"predecessor-version":[{"id":2175,"href":"https:\/\/www.skmisia.ch\/index.php?rest_route=\/wp\/v2\/posts\/2172\/revisions\/2175"}],"wp:featuredmedia":[{"embeddable":true,"href":"https:\/\/www.skmisia.ch\/index.php?rest_route=\/wp\/v2\/media\/2173"}],"wp:attachment":[{"href":"https:\/\/www.skmisia.ch\/index.php?rest_route=%2Fwp%2Fv2%2Fmedia&parent=2172"}],"wp:term":[{"taxonomy":"category","embeddable":true,"href":"https:\/\/www.skmisia.ch\/index.php?rest_route=%2Fwp%2Fv2%2Fcategories&post=2172"},{"taxonomy":"post_tag","embeddable":true,"href":"https:\/\/www.skmisia.ch\/index.php?rest_route=%2Fwp%2Fv2%2Ftags&post=2172"}],"curies":[{"name":"wp","href":"https:\/\/api.w.org\/{rel}","templated":true}]}}