{"id":2154,"date":"2014-08-16T20:58:10","date_gmt":"2014-08-16T19:58:10","guid":{"rendered":"https:\/\/www.skmisia.ch\/?p=2154"},"modified":"2019-04-08T21:09:17","modified_gmt":"2019-04-08T20:09:17","slug":"2154","status":"publish","type":"post","link":"https:\/\/www.skmisia.ch\/?p=2154","title":{"rendered":"Oznamy na 20. nede\u013eu v obdob\u00ed cez rok"},"content":{"rendered":"<p align=\"center\"><b>SLOVENSK<\/b><b>\u00c1 KATOL\u00cdCKA MISIA, BRAUERSTRA<\/b><b>SSe<\/b><b>\u00a0<\/b><b>99; 8004 Z\u00dcRICH<\/b><b><\/b><\/p>\n<p align=\"center\"><b>T\/F: 0041 44 241 50 22<\/b><b><\/b><\/p>\n<div align=\"center\">\n<hr align=\"center\" size=\"2\" width=\"100%\" \/>\n<\/div>\n<p>Oznamy na 20. Nede\u013eu v obdob\u00ed cez rok.<\/p>\n<p>Liturgick\u00fd kalend\u00e1r:<\/p>\n<p>&nbsp;<\/p>\n<p>V utorok je \u013eubovo\u013en\u00e1 spomienka sv. J\u00e1na Eudes, k\u0148aza.<\/p>\n<p>V stredu je spomienka sv. Bernarda, op\u00e1ta a u\u010dite\u013ea Cirkvi.<\/p>\n<p>Vo \u0161tvrtok je spomienka sv. Pia X, p\u00e1pe\u017ea.<\/p>\n<p>V\u00a0piatok je spomienka Panny M\u00e1rie Kr\u00e1\u013eovnej.<\/p>\n<p>V sobotu je \u013eubovo\u013en\u00e1 spomienka sv. Ru\u017eeny Limskej, panny.<\/p>\n<p>Bud\u00faca nede\u013ea je 21. nede\u013ea v obdob\u00ed cez rok.<\/p>\n<p>&nbsp;<\/p>\n<p>V stredu o 20:00 bude v kostole sv. J\u00e1na Bosca na Talianskej misii sv. om\u0161a.<\/p>\n<p>Vo \u0161tvrtok bude \u0161portov\u00fd kr\u00fa\u017eok.<\/p>\n<p>&nbsp;<\/p>\n<p><span style=\"font-family: Tahoma, sans-serif; font-size: medium;\">1.\u00a0<\/span>Deti a\u00a0dospel\u00fdch, ktor\u00ed maj\u00fa v\u00a0novom \u0161kolskom roku z\u00e1ujem o\u00a0pr\u00edpravu na krst, ISP, Birmovku, pros\u00edm, aby sa do <b>30. Augusta<\/b> prihl\u00e1sili na SKM s\u00a0vyplnenou prihl\u00e1\u0161kou. N\u00e1jdete ju na webe, alebo pri modlitebn\u00fdch kni\u017ek\u00e1ch.<\/p>\n<p>2. Pri modlitebn\u00fdch kni\u017ek\u00e1ch n\u00e1jdete nov\u00e9 \u010d\u00edslo Misijn\u00e9ho inform\u00e1tora. \u00dastrednou t\u00e9mou je Einsiedeln, ktor\u00fd sa uskuto\u010dn\u00ed 7. septembra 2014. De\u0148 pred p\u00fa\u0165ou, v\u00a0sobotu V sobotu 6. Septembra 2014 sa uskuto\u010dn\u00ed <b><span style=\"text-decoration: underline;\">PE\u0160IA P\u00da\u0164 DO EINSIEDELNU<\/span><\/b>. Zraz je o 06.20 hod. vo Wollishofen na kone\u010dnej zast\u00e1vke elektri\u010dky \u010d.7. Bli\u017e\u0161ie info n\u00e1jdete na let\u00e1\u010dikoch pri modlitebn\u00fdch kni\u017ek\u00e1ch alebo na <a href=\"https:\/\/www.skmisia.ch\/\">www.skmisia.ch<\/a><\/p>\n<p>3. Na p\u00fati v\u00a0Einsiedeln bude aj tradi\u010dn\u00fd sprievod v\u00a0krojoch. U\u017e sa na to chyst\u00e1me. Kto je ochotn\u00fd zapo\u017ei\u010da\u0165 kroje, nech sa prihl\u00e1si v\u00a0sakristii a\u00a0prinesie ich 31. augusta na k\u00e1vu na presk\u00fa\u0161anie a\u00a0vyzdvyhnutie. Ochotn\u00ed z\u00e1ujemcovia o\u00a0oble\u010denie sa do krojov nech sa v\u00a0spom\u00ednan\u00fa nede\u013eu dostavia na k\u00e1vu. Kto si zapo\u017ei\u010diaval kroj u\u00a0p\u00e1na Zelenaya, m\u00f4\u017ee sa obr\u00e1ti\u0165 i\u00a0priamo na neho.<\/p>\n<p>4. Po sv. om\u0161i odovzd\u00e1me katechumenom modlitbu Ver\u00edm Boha a\u00a0bude krst.<\/p>\n","protected":false},"excerpt":{"rendered":"<p>SLOVENSK\u00c1 KATOL\u00cdCKA MISIA, BRAUERSTRASSe\u00a099; 8004 Z\u00dcRICH T\/F: 0041 44 241 50 22 Oznamy na 20. Nede\u013eu v obdob\u00ed cez rok. Liturgick\u00fd kalend\u00e1r: &nbsp; V utorok je \u013eubovo\u013en\u00e1 spomienka sv. J\u00e1na Eudes, k\u0148aza. V stredu&#46;&#46;&#46;<\/p>\n","protected":false},"author":3,"featured_media":2155,"comment_status":"open","ping_status":"closed","sticky":false,"template":"","format":"standard","meta":{"ngg_post_thumbnail":0},"categories":[24,1],"tags":[],"_links":{"self":[{"href":"https:\/\/www.skmisia.ch\/index.php?rest_route=\/wp\/v2\/posts\/2154"}],"collection":[{"href":"https:\/\/www.skmisia.ch\/index.php?rest_route=\/wp\/v2\/posts"}],"about":[{"href":"https:\/\/www.skmisia.ch\/index.php?rest_route=\/wp\/v2\/types\/post"}],"author":[{"embeddable":true,"href":"https:\/\/www.skmisia.ch\/index.php?rest_route=\/wp\/v2\/users\/3"}],"replies":[{"embeddable":true,"href":"https:\/\/www.skmisia.ch\/index.php?rest_route=%2Fwp%2Fv2%2Fcomments&post=2154"}],"version-history":[{"count":2,"href":"https:\/\/www.skmisia.ch\/index.php?rest_route=\/wp\/v2\/posts\/2154\/revisions"}],"predecessor-version":[{"id":2158,"href":"https:\/\/www.skmisia.ch\/index.php?rest_route=\/wp\/v2\/posts\/2154\/revisions\/2158"}],"wp:featuredmedia":[{"embeddable":true,"href":"https:\/\/www.skmisia.ch\/index.php?rest_route=\/wp\/v2\/media\/2155"}],"wp:attachment":[{"href":"https:\/\/www.skmisia.ch\/index.php?rest_route=%2Fwp%2Fv2%2Fmedia&parent=2154"}],"wp:term":[{"taxonomy":"category","embeddable":true,"href":"https:\/\/www.skmisia.ch\/index.php?rest_route=%2Fwp%2Fv2%2Fcategories&post=2154"},{"taxonomy":"post_tag","embeddable":true,"href":"https:\/\/www.skmisia.ch\/index.php?rest_route=%2Fwp%2Fv2%2Ftags&post=2154"}],"curies":[{"name":"wp","href":"https:\/\/api.w.org\/{rel}","templated":true}]}}