{"id":2148,"date":"2018-08-15T06:27:39","date_gmt":"2018-08-15T05:27:39","guid":{"rendered":"https:\/\/www.skmisia.ch\/?p=2148"},"modified":"2019-04-08T21:08:46","modified_gmt":"2019-04-08T20:08:46","slug":"pozor-nanebovzatie-panny-marie-spolocne-v-hornom-kostole","status":"publish","type":"post","link":"https:\/\/www.skmisia.ch\/?p=2148","title":{"rendered":"Sv. om\u0161a -Nanebovzatie Panny M\u00e1rie v kostole dona Bosca"},"content":{"rendered":"<p><span style=\"color: #333333;\">V stredu 15. augusta 2018 bude slovensk\u00e1 sv. om\u0161a v kostole dona Bosca o 20:00 v Zurichu (Feldstrasse 109). Poz\u00fdvame V\u00e1s pripoji\u0165 sa ku oslave tohto pekn\u00e9ho mari\u00e1nskeho sviatku Nanebovzatej Panny M\u00e1rie.<\/span><\/p>\n<p><a href=\"https:\/\/www.skmisia.ch\/wp-content\/uploads\/2016\/10\/Ruzencova-Maria.jpg\"><img decoding=\"async\" loading=\"lazy\" class=\"aligncenter size-medium wp-image-6939\" src=\"https:\/\/www.skmisia.ch\/wp-content\/uploads\/2016\/10\/Ruzencova-Maria-300x168.jpg\" alt=\"\" width=\"300\" height=\"168\" srcset=\"https:\/\/www.skmisia.ch\/wp-content\/uploads\/2016\/10\/Ruzencova-Maria-300x168.jpg 300w, https:\/\/www.skmisia.ch\/wp-content\/uploads\/2016\/10\/Ruzencova-Maria-1024x574.jpg 1024w, https:\/\/www.skmisia.ch\/wp-content\/uploads\/2016\/10\/Ruzencova-Maria.jpg 1170w\" sizes=\"(max-width: 300px) 100vw, 300px\" \/><\/a><\/p>\n<p>&nbsp;<\/p>\n","protected":false},"excerpt":{"rendered":"<p>V stredu 15. augusta 2018 bude slovensk\u00e1 sv. om\u0161a v kostole dona Bosca o 20:00 v Zurichu (Feldstrasse 109). Poz\u00fdvame V\u00e1s pripoji\u0165 sa ku oslave tohto pekn\u00e9ho mari\u00e1nskeho sviatku Nanebovzatej Panny M\u00e1rie. &nbsp;<\/p>\n","protected":false},"author":3,"featured_media":418,"comment_status":"open","ping_status":"closed","sticky":false,"template":"","format":"standard","meta":{"ngg_post_thumbnail":0},"categories":[24,1],"tags":[],"_links":{"self":[{"href":"https:\/\/www.skmisia.ch\/index.php?rest_route=\/wp\/v2\/posts\/2148"}],"collection":[{"href":"https:\/\/www.skmisia.ch\/index.php?rest_route=\/wp\/v2\/posts"}],"about":[{"href":"https:\/\/www.skmisia.ch\/index.php?rest_route=\/wp\/v2\/types\/post"}],"author":[{"embeddable":true,"href":"https:\/\/www.skmisia.ch\/index.php?rest_route=\/wp\/v2\/users\/3"}],"replies":[{"embeddable":true,"href":"https:\/\/www.skmisia.ch\/index.php?rest_route=%2Fwp%2Fv2%2Fcomments&post=2148"}],"version-history":[{"count":5,"href":"https:\/\/www.skmisia.ch\/index.php?rest_route=\/wp\/v2\/posts\/2148\/revisions"}],"predecessor-version":[{"id":8640,"href":"https:\/\/www.skmisia.ch\/index.php?rest_route=\/wp\/v2\/posts\/2148\/revisions\/8640"}],"wp:featuredmedia":[{"embeddable":true,"href":"https:\/\/www.skmisia.ch\/index.php?rest_route=\/wp\/v2\/media\/418"}],"wp:attachment":[{"href":"https:\/\/www.skmisia.ch\/index.php?rest_route=%2Fwp%2Fv2%2Fmedia&parent=2148"}],"wp:term":[{"taxonomy":"category","embeddable":true,"href":"https:\/\/www.skmisia.ch\/index.php?rest_route=%2Fwp%2Fv2%2Fcategories&post=2148"},{"taxonomy":"post_tag","embeddable":true,"href":"https:\/\/www.skmisia.ch\/index.php?rest_route=%2Fwp%2Fv2%2Ftags&post=2148"}],"curies":[{"name":"wp","href":"https:\/\/api.w.org\/{rel}","templated":true}]}}