{"id":2143,"date":"2014-08-12T09:18:20","date_gmt":"2014-08-12T08:18:20","guid":{"rendered":"https:\/\/www.skmisia.ch\/?p=2143"},"modified":"2019-04-08T21:09:17","modified_gmt":"2019-04-08T20:09:17","slug":"oznamy-na-19-nedelu-v-obdobi-cez-rok","status":"publish","type":"post","link":"https:\/\/www.skmisia.ch\/?p=2143","title":{"rendered":"Oznamy na 19. Nede\u013eu v obdob\u00ed cez rok"},"content":{"rendered":"<p align=\"center\"><b>SLOVENSK<\/b><b>\u00c1 KATOL\u00cdCKA MISIA, BRAUERSTRA<\/b><b>SSe<\/b><b>\u00a0<\/b><b>99; 8004 Z\u00dcRICH<\/b><b><\/b><\/p>\n<p align=\"center\"><b>T\/F: 0041 44 241 50 22<\/b><b><\/b><\/p>\n<div align=\"center\">\n<hr align=\"center\" size=\"2\" width=\"100%\" \/>\n<\/div>\n<p><span style=\"line-height: 1.5em;\">Oznamy na 19. Nede\u013eu v obdob\u00ed cez rok.<\/span><\/p>\n<p><span style=\"line-height: 1.5em;\">Liturgick\u00fd kalend\u00e1r:<\/span><\/p>\n<p><span style=\"line-height: 1.5em;\">V pondelok je spomienka sv. Kl\u00e1ry, panny.<\/span><\/p>\n<p>V utorok je \u013eubovo\u013en\u00e1 spomienka sv. Jany Franti\u0161ky de Chantal, reho\u013en\u00ed\u010dky<\/p>\n<p>Vo \u0161tvrtok je spomienka sv. Maximili\u00e1na M\u00e1rie Kolbeho, k\u0148aza a mu\u010den\u00edka.<\/p>\n<p>V piatok je sl\u00e1vnos\u0165 Nanebovzatia Panny M\u00e1rie, prik\u00e1zan\u00fd sviatok.<\/p>\n<p>V sobotu spomienka sv. \u0160tefana Uhorsk\u00e9ho.<\/p>\n<p>Bud\u00faca nede\u013ea je 20. nede\u013ea v obdob\u00ed cez rok.<\/p>\n<p><span style=\"line-height: 1.5em;\">V stredu o 20:00 bude v kostole sv. J\u00e1na Bosca na Talianskej misii sv. om\u0161a.<\/span><\/p>\n<p><span style=\"line-height: 1.5em;\">V piatok slovensk\u00e1 sv. om\u0161a nebude, poz\u00fdvam v\u00e1s na nemeck\u00fa do horn\u00e9ho kostola o 18:15 Liebfrauen. Je to sl\u00e1vnostn\u00e1 sv. om\u0161a z pr\u00edle\u017eitosti patroc\u00ednia chr\u00e1mu.<\/span><\/p>\n<p>1. Dnes po sv\u00e4tej om\u0161i sa uskuto\u010dn\u00ed opeka\u010dku na <b><i>Z\u00fcrichbergu. <\/i><\/b>Odchod od kostola bude o\u00a011:00. Bli\u017e\u0161ie info n\u00e1jdete na let\u00e1\u010dikoch pri modlitebn\u00fdch kni\u017ek\u00e1ch.<\/p>\n<p>2. Pri modlitebn\u00fdch kni\u017ek\u00e1ch n\u00e1jdete nov\u00e9 \u010d\u00edslo Misijn\u00e9ho inform\u00e1tora. \u00dastrednou t\u00e9mou je Einsiedeln, ktor\u00fd sa uskuto\u010dn\u00ed 7. septembra 2014.<\/p>\n<p>3. Deti a\u00a0dospel\u00fdch, ktor\u00ed maj\u00fa v\u00a0novom \u0161kolskom roku z\u00e1ujem o\u00a0pr\u00edpravu na krst, ISP, Birmovku, pros\u00edm, aby sa do <b>30. Augusta<\/b> prihl\u00e1sili na SKM s\u00a0vyplnenou prihl\u00e1\u0161kou. N\u00e1jdete ju na webe, alebo pri modlitebn\u00fdch kni\u017ek\u00e1ch.<\/p>\n","protected":false},"excerpt":{"rendered":"<p>SLOVENSK\u00c1 KATOL\u00cdCKA MISIA, BRAUERSTRASSe\u00a099; 8004 Z\u00dcRICH T\/F: 0041 44 241 50 22 Oznamy na 19. Nede\u013eu v obdob\u00ed cez rok. Liturgick\u00fd kalend\u00e1r: V pondelok je spomienka sv. Kl\u00e1ry, panny. V utorok je \u013eubovo\u013en\u00e1 spomienka&#46;&#46;&#46;<\/p>\n","protected":false},"author":3,"featured_media":2144,"comment_status":"open","ping_status":"closed","sticky":false,"template":"","format":"standard","meta":{"ngg_post_thumbnail":0},"categories":[24,1],"tags":[],"_links":{"self":[{"href":"https:\/\/www.skmisia.ch\/index.php?rest_route=\/wp\/v2\/posts\/2143"}],"collection":[{"href":"https:\/\/www.skmisia.ch\/index.php?rest_route=\/wp\/v2\/posts"}],"about":[{"href":"https:\/\/www.skmisia.ch\/index.php?rest_route=\/wp\/v2\/types\/post"}],"author":[{"embeddable":true,"href":"https:\/\/www.skmisia.ch\/index.php?rest_route=\/wp\/v2\/users\/3"}],"replies":[{"embeddable":true,"href":"https:\/\/www.skmisia.ch\/index.php?rest_route=%2Fwp%2Fv2%2Fcomments&post=2143"}],"version-history":[{"count":3,"href":"https:\/\/www.skmisia.ch\/index.php?rest_route=\/wp\/v2\/posts\/2143\/revisions"}],"predecessor-version":[{"id":2147,"href":"https:\/\/www.skmisia.ch\/index.php?rest_route=\/wp\/v2\/posts\/2143\/revisions\/2147"}],"wp:featuredmedia":[{"embeddable":true,"href":"https:\/\/www.skmisia.ch\/index.php?rest_route=\/wp\/v2\/media\/2144"}],"wp:attachment":[{"href":"https:\/\/www.skmisia.ch\/index.php?rest_route=%2Fwp%2Fv2%2Fmedia&parent=2143"}],"wp:term":[{"taxonomy":"category","embeddable":true,"href":"https:\/\/www.skmisia.ch\/index.php?rest_route=%2Fwp%2Fv2%2Fcategories&post=2143"},{"taxonomy":"post_tag","embeddable":true,"href":"https:\/\/www.skmisia.ch\/index.php?rest_route=%2Fwp%2Fv2%2Ftags&post=2143"}],"curies":[{"name":"wp","href":"https:\/\/api.w.org\/{rel}","templated":true}]}}