{"id":2139,"date":"2014-08-12T09:14:50","date_gmt":"2014-08-12T08:14:50","guid":{"rendered":"https:\/\/www.skmisia.ch\/?p=2139"},"modified":"2019-04-08T21:09:17","modified_gmt":"2019-04-08T20:09:17","slug":"papez-frantisek-opat-prekvapuje-toto-je-jeho-10-rad-pre-stastny-zivot","status":"publish","type":"post","link":"https:\/\/www.skmisia.ch\/?p=2139","title":{"rendered":"P\u00e1pe\u017e Franti\u0161ek op\u00e4\u0165 prekvapuje. Toto je jeho 10 r\u00e1d pre \u0161\u0165astn\u00fd \u017eivot&#8230;"},"content":{"rendered":"<p><span style=\"text-decoration: underline;\"><\/span><\/p>\n<p>Pr\u00e1ve hlava katol\u00edckej cirkvi sa so svojimi radami pre v\u00e4\u010d\u0161iu rados\u0165 zo \u017eivota zd\u00f4verila svojim rod\u00e1kom v argent\u00ednskom t\u00fd\u017edenn\u00edku Viva.<\/p>\n<p><strong>1. \u017di a nechaj \u017ei\u0165.<\/strong>\u00a0\u201eKa\u017ed\u00fd by mal ma\u0165 na pam\u00e4ti princ\u00edp \u201eH\u00fdb sa smerom dopredu a in\u00fdch nechaj robi\u0165 to ist\u00e9\u201c.\u201c<\/p>\n<p><strong>2. Rozd\u00e1vaj sa ostatn\u00fdm.<\/strong>\u00a0\u201e\u013dudia potrebuj\u00fa by\u0165 otvoren\u00ed a ve\u013ekorys\u00ed vo\u010di in\u00fdm. Ak sa toti\u017e uzavr\u00fa do seba, zn\u00e1sobuj\u00fa riziko, \u017ee sa stan\u00fa egocentrikmi. A stojat\u00e9 vody sa premenia na hnij\u00face\u201c.<\/p>\n<p><strong>3. Postupuj v \u017eivote pokojne<\/strong>. P\u00e1pe\u017e pou\u017e\u00edva obraz z argent\u00ednskeho rom\u00e1nu, v ktorom sa hlavn\u00e1 postava gaucho Don Segundo sp\u00e4tne obzer\u00e1 na svoj \u017eivot.<\/p>\n<p>\u201eHovor\u00ed, \u017ee v mladosti bol pr\u00fadom pln\u00fdm sk\u00e1l, ktor\u00e9 si so sebou niesol. Ako dospel\u00fd bol n\u00e1hliacou sa riekou a na starobu sa pohyboval pomaly ako voda v baz\u00e9ne,\u201c hovor\u00ed p\u00e1pe\u017e.<\/p>\n<p>Pr\u00e1ve obraz vody v baz\u00e9ne mu je sympatick\u00fd, preto\u017ee m\u00e1 v sebe \u201eschopnos\u0165 l\u00e1skav\u00e9ho a pokorn\u00e9ho pohybu, pokojn\u00e9ho \u017eivota\u201c.<\/p>\n<p><strong>4. Zdrav\u00fd zmysel pre vo\u013en\u00fd \u010das.<\/strong>\u00a0\u201eUmenie radosti z umeleck\u00e9ho diela, literat\u00fary a \u010di z hrania sa s de\u0165mi sa vytratila. Konzumn\u00fd sp\u00f4sob \u017eivota n\u00e1m priniesol nepokoj a stres, \u010d\u00edm \u013eudia pri\u0161li o zdrav\u00fa kult\u00faru vo\u013en\u00e9ho \u010dasu,\u201c poznamenal Franti\u0161ek.<\/p>\n<p>Aj preto vyz\u00fdva rodi\u010dov, aby si na\u0161li \u010das na svoje deti, napriek tvrdej pr\u00e1ci, ktor\u00fa musia dennodenne v pr\u00e1ci odv\u00e1dza\u0165. Rovnako by sa mali rodiny nau\u010di\u0165 vyp\u00edna\u0165 telev\u00edzor, ke\u010f spolu jedia. Ten n\u00e1m toti\u017e zabra\u0148uje niekedy vo vz\u00e1jomnej komunik\u00e1cii.<\/p>\n<p><strong>5. Nede\u013ea m\u00e1 by\u0165 va\u0161imi pr\u00e1zdninami\/sviatkom.\u00a0<\/strong>Zamestnanci by mali ma\u0165 v nede\u013eu vo\u013eno, preto\u017ee \u201enede\u013ea je tu pre rodinu\u201c, odkazuje p\u00e1pe\u017e.<\/p>\n<p><strong>6. N\u00e1jdi nov\u00e1torsk\u00e9 sp\u00f4soby na vytvorenie d\u00f4stojn\u00fdch pracovn\u00fdch miest pre mlad\u00fdch \u013eud\u00ed.\u00a0<\/strong>\u201eAk nebud\u00fa ma\u0165 dostatok pr\u00edle\u017eitosti, skon\u010dia pri drog\u00e1ch\u201c a bud\u00fa tak n\u00e1chylnej\u0161\u00ed k zlo\u010dinu.<\/p>\n<p>\u201eNesta\u010d\u00ed im da\u0165 jedlo. D\u00f4stojnos\u0165 z\u00edskate, ke\u010f domov prinesiete jedlo vlastnou pr\u00e1cou\u201c<\/p>\n<p><strong>7. Re\u0161pektuj a staraj sa o pr\u00edrodu<\/strong>. Degrad\u00e1cia \u017eivotn\u00e9ho prostredia \u201eje jednou z najv\u00e4\u010d\u0161\u00edch v\u00fdziev, ktor\u00fdm \u010del\u00edme\u201c. Jednou z ot\u00e1zok, ktor\u00fa si sami sebe ned\u00e1vame je: Nep\u00e1cha \u013eudstvo zlo\u010din tak\u00fdmto tyransk\u00fdm spr\u00e1van\u00edm sa k pr\u00edrode?<\/p>\n<p><strong>8. Presta\u0148 by\u0165 negat\u00edvny<\/strong>. \u201ePotreba hovori\u0165 o druh\u00fdch v zlom nazna\u010duje n\u00edzky stupe\u0148 seba\u00facty\u201c. To znamen\u00e1, \u201emiesto toho, aby som vyzdvihol seba, poni\u017eujem druh\u00fdch\u201c. Zbavi\u0165 r\u00fdchlo sa negat\u00edvnych my\u0161lienok je pritom prospe\u0161n\u00e9 zdraviu\u201c.<\/p>\n<p><strong>9. Nesna\u017e sa prevraca\u0165 in\u00fdch na tvoju vieru, re\u0161pektuj in\u00e9 vierovyznania.<\/strong>\u00a0\u201eM\u00f4\u017eeme in\u00fdch in\u0161pirova\u0165 svedectvami, tak \u017ee komunik\u00e1ciou budeme r\u00e1s\u0165 v\u0161etci. Jednou z najhor\u0161\u00edch vec\u00ed je v\u0161ak snaha druh\u00fdch \u013eud\u00ed o prevracanie na na\u0161u vieru. Hovor\u00edm o cielenom presved\u010dovan\u00ed a nie o osobnom dial\u00f3gu, kde ka\u017ed\u00fd vystupuje s vlastnou identitou. Cirkev rastie v\u010faka svojej pr\u00ed\u0165a\u017elivosti, nie v\u00e1ben\u00edm in\u00fdch\u201c.<\/p>\n<p><strong>10. Pracuj pre mier.<\/strong>\u00a0\u201e\u017dijeme v \u010dase mnoh\u00fdch vojen a volanie po mieri tak mus\u00ed znie\u0165 mimoriadne hlasno. Mier ob\u010das pritom m\u00f4\u017ee vyzera\u0165, ako by sme boli ticho, ale nie je tomu tak. Mier je v\u017edy akt\u00edvny a dynamick\u00fd.<\/p>\n<p><em><strong>Zdroj: www.catholicnews.com<\/strong><\/em><\/p>\n","protected":false},"excerpt":{"rendered":"<p>Pr\u00e1ve hlava katol\u00edckej cirkvi sa so svojimi radami pre v\u00e4\u010d\u0161iu rados\u0165 zo \u017eivota zd\u00f4verila svojim rod\u00e1kom v argent\u00ednskom t\u00fd\u017edenn\u00edku Viva. 1. \u017di a nechaj \u017ei\u0165.\u00a0\u201eKa\u017ed\u00fd by mal ma\u0165 na pam\u00e4ti princ\u00edp \u201eH\u00fdb sa smerom&#46;&#46;&#46;<\/p>\n","protected":false},"author":3,"featured_media":2140,"comment_status":"open","ping_status":"closed","sticky":false,"template":"","format":"standard","meta":{"ngg_post_thumbnail":0},"categories":[24,1],"tags":[],"_links":{"self":[{"href":"https:\/\/www.skmisia.ch\/index.php?rest_route=\/wp\/v2\/posts\/2139"}],"collection":[{"href":"https:\/\/www.skmisia.ch\/index.php?rest_route=\/wp\/v2\/posts"}],"about":[{"href":"https:\/\/www.skmisia.ch\/index.php?rest_route=\/wp\/v2\/types\/post"}],"author":[{"embeddable":true,"href":"https:\/\/www.skmisia.ch\/index.php?rest_route=\/wp\/v2\/users\/3"}],"replies":[{"embeddable":true,"href":"https:\/\/www.skmisia.ch\/index.php?rest_route=%2Fwp%2Fv2%2Fcomments&post=2139"}],"version-history":[{"count":2,"href":"https:\/\/www.skmisia.ch\/index.php?rest_route=\/wp\/v2\/posts\/2139\/revisions"}],"predecessor-version":[{"id":2142,"href":"https:\/\/www.skmisia.ch\/index.php?rest_route=\/wp\/v2\/posts\/2139\/revisions\/2142"}],"wp:featuredmedia":[{"embeddable":true,"href":"https:\/\/www.skmisia.ch\/index.php?rest_route=\/wp\/v2\/media\/2140"}],"wp:attachment":[{"href":"https:\/\/www.skmisia.ch\/index.php?rest_route=%2Fwp%2Fv2%2Fmedia&parent=2139"}],"wp:term":[{"taxonomy":"category","embeddable":true,"href":"https:\/\/www.skmisia.ch\/index.php?rest_route=%2Fwp%2Fv2%2Fcategories&post=2139"},{"taxonomy":"post_tag","embeddable":true,"href":"https:\/\/www.skmisia.ch\/index.php?rest_route=%2Fwp%2Fv2%2Ftags&post=2139"}],"curies":[{"name":"wp","href":"https:\/\/api.w.org\/{rel}","templated":true}]}}