{"id":2121,"date":"2014-07-27T18:08:42","date_gmt":"2014-07-27T17:08:42","guid":{"rendered":"https:\/\/www.skmisia.ch\/?p=2121"},"modified":"2019-04-08T21:09:17","modified_gmt":"2019-04-08T20:09:17","slug":"sudanka-stihana-za-krestanstvo-je-v-taliansku-stretla-sa-s-papezom","status":"publish","type":"post","link":"https:\/\/www.skmisia.ch\/?p=2121","title":{"rendered":"Sud\u00e1nka st\u00edhan\u00e1 za kres\u0165anstvo je v Taliansku, stretla sa s p\u00e1pe\u017eom"},"content":{"rendered":"<div id=\"contenth\">\n<p>Trest smrti pre Sud\u00e1nku zru\u0161ili a\u017e pod medzin\u00e1rodn\u00fdm tlakom. Do R\u00edma ju previezol\u00a0vl\u00e1dny \u0161peci\u00e1l.<\/p>\n<\/div>\n<div id=\"itext_content\">\n<p>R\u00cdM. Najsk\u00f4r ju ods\u00fadili na smr\u0165 za odklon od islamu, potom jej trest pod medzin\u00e1rodn\u00fdm n\u00e1tlakom odpustili, ale zak\u00e1zali jej opusti\u0165 krajinu, a teraz pricestovala vl\u00e1dnym lietadlom do talianskeho R\u00edma.<\/p>\n<p>Sud\u00e1nka Marjam Jahj\u00e1 Ibr\u00e1h\u00edmov\u00e1 (27) vyst\u00fapila vo \u0161tvrtok na letisku\u00a0Ciampino v sprievode svojej rodiny a n\u00e1mestn\u00edka talianskej ministerky zahrani\u010dn\u00fdch vec\u00ed Lapa Pistelliho.<\/p>\n<p>N\u00e1sledne ju aj s man\u017eelom a dvoma mal\u00fdmi de\u0165mi prijal p\u00e1pe\u017e Franti\u0161ek vo svojej s\u00fakromnej audiencii vo Vatik\u00e1ne.<\/p>\n<p>Polhodinov\u00e9 stretnutie sa nieslo vo ve\u013emi srde\u010dnom duchu, povedal hovorca Vatik\u00e1nu Federico Lombardi.<\/p>\n<p>P\u00e1pe\u017e sa po\u010fakoval Sud\u00e1nke za vieru a odvahu, ona sa mu po\u010fakovala za jeho modlitby a solid\u00e1rnos\u0165, povedal Lombardi.<\/p>\n<p>Tehotn\u00fa Sud\u00e1nku ods\u00fadil v m\u00e1ji chart\u00famsky\u00a0<a href=\"http:\/\/www.sme.sk\/itextg\/?idh=13399732&amp;ids=6\">s\u00fad<\/a>\u00a0za to, \u017ee e\u0161te ako die\u0165a prest\u00fapila po matke na kres\u0165anstvo a nesk\u00f4r sa vydala za kres\u0165ana, ktor\u00fd m\u00e1 ob\u010dianstvo Spojen\u00fdch \u0161t\u00e1tov aj Ju\u017en\u00e9ho Sud\u00e1nu.<\/p>\n<p>Ke\u010f\u017ee sa odmietla vzda\u0165 novoprijatej kres\u0165anskej viery, vyniesol nad \u0148ou s\u00fad najvy\u0161\u0161\u00ed trest, smr\u0165 obesen\u00edm.<\/p>\n<p>\u017dena koncom m\u00e1ja porodila vo v\u00e4zen\u00ed zdrav\u00e9 diev\u010datko, len v\u010faka tomu jej trest smrti odlo\u017eili, k\u00fdm ho pod tlakom zahrani\u010dia zru\u0161ili \u00faplne.<\/p>\n<p>Sud\u00e1nska rodina sa po prepusten\u00ed Ibr\u00e1h\u00edmovej uch\u00fdlila pod ochranu americkej ambas\u00e1dy. Dlh\u0161ie mala probl\u00e9my z\u00edska\u0165 potrebn\u00e9 doklady.<\/p>\n<\/div>\n<p>Zdroj sme.sk<\/p>\n","protected":false},"excerpt":{"rendered":"<p>Trest smrti pre Sud\u00e1nku zru\u0161ili a\u017e pod medzin\u00e1rodn\u00fdm tlakom. Do R\u00edma ju previezol\u00a0vl\u00e1dny \u0161peci\u00e1l. R\u00cdM. Najsk\u00f4r ju ods\u00fadili na smr\u0165 za odklon od islamu, potom jej trest pod medzin\u00e1rodn\u00fdm n\u00e1tlakom odpustili, ale zak\u00e1zali jej&#46;&#46;&#46;<\/p>\n","protected":false},"author":3,"featured_media":2122,"comment_status":"open","ping_status":"closed","sticky":false,"template":"","format":"standard","meta":{"ngg_post_thumbnail":0},"categories":[24,1],"tags":[],"_links":{"self":[{"href":"https:\/\/www.skmisia.ch\/index.php?rest_route=\/wp\/v2\/posts\/2121"}],"collection":[{"href":"https:\/\/www.skmisia.ch\/index.php?rest_route=\/wp\/v2\/posts"}],"about":[{"href":"https:\/\/www.skmisia.ch\/index.php?rest_route=\/wp\/v2\/types\/post"}],"author":[{"embeddable":true,"href":"https:\/\/www.skmisia.ch\/index.php?rest_route=\/wp\/v2\/users\/3"}],"replies":[{"embeddable":true,"href":"https:\/\/www.skmisia.ch\/index.php?rest_route=%2Fwp%2Fv2%2Fcomments&post=2121"}],"version-history":[{"count":5,"href":"https:\/\/www.skmisia.ch\/index.php?rest_route=\/wp\/v2\/posts\/2121\/revisions"}],"predecessor-version":[{"id":2127,"href":"https:\/\/www.skmisia.ch\/index.php?rest_route=\/wp\/v2\/posts\/2121\/revisions\/2127"}],"wp:featuredmedia":[{"embeddable":true,"href":"https:\/\/www.skmisia.ch\/index.php?rest_route=\/wp\/v2\/media\/2122"}],"wp:attachment":[{"href":"https:\/\/www.skmisia.ch\/index.php?rest_route=%2Fwp%2Fv2%2Fmedia&parent=2121"}],"wp:term":[{"taxonomy":"category","embeddable":true,"href":"https:\/\/www.skmisia.ch\/index.php?rest_route=%2Fwp%2Fv2%2Fcategories&post=2121"},{"taxonomy":"post_tag","embeddable":true,"href":"https:\/\/www.skmisia.ch\/index.php?rest_route=%2Fwp%2Fv2%2Ftags&post=2121"}],"curies":[{"name":"wp","href":"https:\/\/api.w.org\/{rel}","templated":true}]}}