{"id":2116,"date":"2014-07-26T20:20:36","date_gmt":"2014-07-26T19:20:36","guid":{"rendered":"https:\/\/www.skmisia.ch\/?p=2116"},"modified":"2019-04-08T21:09:17","modified_gmt":"2019-04-08T20:09:17","slug":"2116","status":"publish","type":"post","link":"https:\/\/www.skmisia.ch\/?p=2116","title":{"rendered":"Oznamy na 17. nede\u013eu v obdob\u00ed cez rok"},"content":{"rendered":"<p align=\"center\"><b>SLOVENSK<\/b><b>\u00c1 KATOL\u00cdCKA MISIA, BRAUERSTRA<\/b><b>SSe<\/b><b>\u00a0<\/b><b>99; 8004 Z\u00dcRICH<\/b><b><\/b><\/p>\n<p align=\"center\"><b>T\/F: 0041 44 241 50 22<\/b><b><\/b><\/p>\n<div align=\"center\">\n<hr align=\"center\" size=\"2\" width=\"100%\" \/>\n<\/div>\n<p>Oznamy na 17. nede\u013eu v obdob\u00ed cez rok.<\/p>\n<p>Liturgick\u00fd kalend\u00e1r:<\/p>\n<p>V utorok je spomienka sv. Marty.<\/p>\n<p>V stredu je \u013eubovoln\u00e1 spolmienka sv. Petra Chryzol\u00f3ga, biskupa a\u00a0u\u010dite\u013ea Cirkvi.<\/p>\n<p>Vo \u0161tvrtok je spomienka sv. Ign\u00e1ca z\u00a0Loyoly, k\u0148aza.<\/p>\n<p>V piatok je spomienka sv. Alfonza M\u00e1rie de Liguori, biskupa a u\u010dite\u013ea Cirkvi.<\/p>\n<p>V sobotu je \u013eubovo\u013e\u00e1 spomienka Panny M\u00e1rie.<\/p>\n<p>Bud\u00faca nede\u013ea je 18. nede\u013ea v obdob\u00ed cez rok.<\/p>\n<p>&nbsp;<\/p>\n<p>&nbsp;<\/p>\n<p>V stredu p 20:00 bude v kostole sv. J\u00e1na Bosca na Talianskej misii mimoriadna sv. om\u0161a. Nako\u013eko mi to program dovo\u013euje, tak v\u00e1m chcem pon\u00faknu\u0165 duchovn\u00fa posilu aj cez prazdniny.<\/p>\n<p>&nbsp;<\/p>\n<ul>\n<li style=\"display: inline !important;\">1. Deti a\u00a0dospel\u00fdch, ktor\u00ed maj\u00fa v\u00a0novom \u0161kolskom roku z\u00e1ujem o\u00a0pr\u00edpravu na krst, ISP, Birmovku, pros\u00edm, aby sa do <b>30. Augusta<\/b> prihl\u00e1sili na SKM s\u00a0vyplnenou prihl\u00e1\u0161kou. N\u00e1jdete ju na webe, alebo pri modlitebn\u00fdch kni\u017ek\u00e1ch.<\/li>\n<\/ul>\n<p>2. Dnes po sv\u00e4tej om\u0161i nie je posedenie pri k\u00e1ve, cez pr\u00e1zdniny neb\u00fdva.<\/p>\n<p>3.\u00a0Z\u00a0iniciat\u00edvy mlad\u00fdch v\u00e1s poz\u00fdvame na opeka\u010dku na <b><i>Z\u00fcrichberg<\/i><\/b><b>,<\/b> ktor\u00e1 sa uskuto\u010dn\u00ed v\u00a0nede\u013eu <b><i>10. August 2014 o 11.30 hod.<\/i><\/b> (Odchod od kostola bude po sv. om\u0161i). Bli\u017e\u0161ie info n\u00e1jdete na let\u00e1\u010dikoch pri modlitebn\u00fdch kni\u017ek\u00e1ch alebo na webe.<\/p>\n","protected":false},"excerpt":{"rendered":"<p>SLOVENSK\u00c1 KATOL\u00cdCKA MISIA, BRAUERSTRASSe\u00a099; 8004 Z\u00dcRICH T\/F: 0041 44 241 50 22 Oznamy na 17. nede\u013eu v obdob\u00ed cez rok. Liturgick\u00fd kalend\u00e1r: V utorok je spomienka sv. Marty. V stredu je \u013eubovoln\u00e1 spolmienka sv.&#46;&#46;&#46;<\/p>\n","protected":false},"author":3,"featured_media":2117,"comment_status":"open","ping_status":"closed","sticky":false,"template":"","format":"standard","meta":{"ngg_post_thumbnail":0},"categories":[24,1],"tags":[],"_links":{"self":[{"href":"https:\/\/www.skmisia.ch\/index.php?rest_route=\/wp\/v2\/posts\/2116"}],"collection":[{"href":"https:\/\/www.skmisia.ch\/index.php?rest_route=\/wp\/v2\/posts"}],"about":[{"href":"https:\/\/www.skmisia.ch\/index.php?rest_route=\/wp\/v2\/types\/post"}],"author":[{"embeddable":true,"href":"https:\/\/www.skmisia.ch\/index.php?rest_route=\/wp\/v2\/users\/3"}],"replies":[{"embeddable":true,"href":"https:\/\/www.skmisia.ch\/index.php?rest_route=%2Fwp%2Fv2%2Fcomments&post=2116"}],"version-history":[{"count":2,"href":"https:\/\/www.skmisia.ch\/index.php?rest_route=\/wp\/v2\/posts\/2116\/revisions"}],"predecessor-version":[{"id":2119,"href":"https:\/\/www.skmisia.ch\/index.php?rest_route=\/wp\/v2\/posts\/2116\/revisions\/2119"}],"wp:featuredmedia":[{"embeddable":true,"href":"https:\/\/www.skmisia.ch\/index.php?rest_route=\/wp\/v2\/media\/2117"}],"wp:attachment":[{"href":"https:\/\/www.skmisia.ch\/index.php?rest_route=%2Fwp%2Fv2%2Fmedia&parent=2116"}],"wp:term":[{"taxonomy":"category","embeddable":true,"href":"https:\/\/www.skmisia.ch\/index.php?rest_route=%2Fwp%2Fv2%2Fcategories&post=2116"},{"taxonomy":"post_tag","embeddable":true,"href":"https:\/\/www.skmisia.ch\/index.php?rest_route=%2Fwp%2Fv2%2Ftags&post=2116"}],"curies":[{"name":"wp","href":"https:\/\/api.w.org\/{rel}","templated":true}]}}