{"id":2092,"date":"2014-07-01T15:34:38","date_gmt":"2014-07-01T14:34:38","guid":{"rendered":"https:\/\/www.skmisia.ch\/?p=2092"},"modified":"2019-04-08T21:09:17","modified_gmt":"2019-04-08T20:09:17","slug":"2092","status":"publish","type":"post","link":"https:\/\/www.skmisia.ch\/?p=2092","title":{"rendered":""},"content":{"rendered":"<div><span style=\"line-height: 1.5em;\">Na sv\u00e4todu\u0161n\u00fa\u00a0<\/span>nede\u013eu<span style=\"line-height: 1.5em;\">\u00a0sa\u00a0<\/span>uskuto\u010dnilo<span style=\"line-height: 1.5em;\">\u00a0mil\u00e9 \u00a0stretnutie, kde sme mohli zas\u00fdti\u0165 ducha ale aj posilni\u0165 \u201cbruch\u00e1&#8220; v spolo\u010denstve nieko\u013ek\u00fdch rod\u00edn s ich ratoles\u0165ami. \u00a0Preto aj\u00a0touto cestou \u010fakujeme v\u0161etk\u00fdm ktor\u00ed\u00a0<\/span>pri\u0161li<span style=\"line-height: 1.5em;\">\u00a0i za\u00a0<\/span>v\u0161etky<span style=\"line-height: 1.5em;\">\u00a0<\/span>dobroty<span style=\"line-height: 1.5em;\">,\u00a0<\/span>ktor\u00fdmi<span style=\"line-height: 1.5em;\">\u00a0prispeli na\u00a0<\/span>spolo\u010dn\u00fd<span style=\"line-height: 1.5em;\">\u00a0st\u00f4l. \u202618\u00a0<\/span>dospel\u00fdch<span style=\"line-height: 1.5em;\">\u00a0a 16 det\u00ed, to je u\u017e celkom slu\u0161n\u00e9 a je to d\u00f4kazom, \u017ee\u00a0napriek\u00a0tomu, \u017ee sme z r\u00f4znych k\u00fatov, nie\u010do siln\u00e9 n\u00e1s predsa len sp\u00e1ja a m\u00e1me si \u010do poveda\u0165. D\u00fafame, \u017ee v\u00e1s nesk\u00f4r nesu\u017eovali nejak\u00e9 neduhy zo slne\u010dn\u00e9ho po\u010dasia a hor\u00fa\u010dav &#8230;<\/span><\/div>\n<div><\/div>\n<div>Ver\u00edm, \u017ee bude niekedy pr\u00edle\u017eitos\u0165 si to op\u00e4\u0165 zopakova\u0165.<\/div>\n<div><span style=\"line-height: 1.5em;\">S pozdravom\u00a0<\/span>L + S s de\u0165mi.<\/div>\n","protected":false},"excerpt":{"rendered":"<p>Na sv\u00e4todu\u0161n\u00fa\u00a0nede\u013eu\u00a0sa\u00a0uskuto\u010dnilo\u00a0mil\u00e9 \u00a0stretnutie, kde sme mohli zas\u00fdti\u0165 ducha ale aj posilni\u0165 \u201cbruch\u00e1&#8220; v spolo\u010denstve nieko\u013ek\u00fdch rod\u00edn s ich ratoles\u0165ami. \u00a0Preto aj\u00a0touto cestou \u010fakujeme v\u0161etk\u00fdm ktor\u00ed\u00a0pri\u0161li\u00a0i za\u00a0v\u0161etky\u00a0dobroty,\u00a0ktor\u00fdmi\u00a0prispeli na\u00a0spolo\u010dn\u00fd\u00a0st\u00f4l. \u202618\u00a0dospel\u00fdch\u00a0a 16 det\u00ed, to je u\u017e celkom&#46;&#46;&#46;<\/p>\n","protected":false},"author":3,"featured_media":2093,"comment_status":"open","ping_status":"closed","sticky":false,"template":"","format":"standard","meta":{"ngg_post_thumbnail":0},"categories":[24,1],"tags":[],"_links":{"self":[{"href":"https:\/\/www.skmisia.ch\/index.php?rest_route=\/wp\/v2\/posts\/2092"}],"collection":[{"href":"https:\/\/www.skmisia.ch\/index.php?rest_route=\/wp\/v2\/posts"}],"about":[{"href":"https:\/\/www.skmisia.ch\/index.php?rest_route=\/wp\/v2\/types\/post"}],"author":[{"embeddable":true,"href":"https:\/\/www.skmisia.ch\/index.php?rest_route=\/wp\/v2\/users\/3"}],"replies":[{"embeddable":true,"href":"https:\/\/www.skmisia.ch\/index.php?rest_route=%2Fwp%2Fv2%2Fcomments&post=2092"}],"version-history":[{"count":1,"href":"https:\/\/www.skmisia.ch\/index.php?rest_route=\/wp\/v2\/posts\/2092\/revisions"}],"predecessor-version":[{"id":2094,"href":"https:\/\/www.skmisia.ch\/index.php?rest_route=\/wp\/v2\/posts\/2092\/revisions\/2094"}],"wp:featuredmedia":[{"embeddable":true,"href":"https:\/\/www.skmisia.ch\/index.php?rest_route=\/wp\/v2\/media\/2093"}],"wp:attachment":[{"href":"https:\/\/www.skmisia.ch\/index.php?rest_route=%2Fwp%2Fv2%2Fmedia&parent=2092"}],"wp:term":[{"taxonomy":"category","embeddable":true,"href":"https:\/\/www.skmisia.ch\/index.php?rest_route=%2Fwp%2Fv2%2Fcategories&post=2092"},{"taxonomy":"post_tag","embeddable":true,"href":"https:\/\/www.skmisia.ch\/index.php?rest_route=%2Fwp%2Fv2%2Ftags&post=2092"}],"curies":[{"name":"wp","href":"https:\/\/api.w.org\/{rel}","templated":true}]}}