{"id":16444,"date":"2026-09-04T11:42:59","date_gmt":"2026-09-04T09:42:59","guid":{"rendered":"https:\/\/www.skmisia.ch\/?p=16444"},"modified":"2026-09-04T11:43:00","modified_gmt":"2026-09-04T09:43:00","slug":"put-v-einsiedeln-uz-tuto-nedelu","status":"publish","type":"post","link":"https:\/\/www.skmisia.ch\/?p=16444","title":{"rendered":"P\u00fa\u0165 v Einsiedeln u\u017e t\u00fato nede\u013eu"},"content":{"rendered":"<p>Srde\u010dne poz\u00fdvyme v\u0161etk\u00fdch \u0161vaj\u010diarskych Slov\u00e1kov na p\u00fa\u0165 k Sedembolestnej Panne M\u00e1rii do op\u00e1tstva Einsiedeln, ktor\u00e1 sa uskuto\u010dn\u00ed u\u017e t\u00fato nede\u013eu 6. septembra.<\/p>\n<p>Sv. om\u0161a spojen\u00e1 s vysluhovan\u00edm sviatosti birmovania sa za\u010dne o 12:30 hod. Jej hlavn\u00fdm celebrantom bude Mons. Jozef Ha\u013eko, bratislavsk\u00fd pomocn\u00fd biskup. Pred sv. om\u0161ou bude v \u010dase od 11:00 do 12:00 mo\u017enos\u0165 prija\u0165 sviatos\u0165 zmierenia (k dispoz\u00edcii bud\u00fa dvaja slovensk\u00ed k\u0148azi).<\/p>\n<p>T\u00ed, \u010do maj\u00fa \u013eudov\u00fd kroj, si ho m\u00f4\u017eu prinies\u0165. Na prezliekanie bud\u00fa k dispoz\u00edcii dve miestnosti.<\/p>\n<p>Po skon\u010den\u00ed sv. om\u0161e sa bude pred p\u00fatnick\u00fdm chr\u00e1mom robi\u0165 spolo\u010dn\u00e1 fotografia. Te\u0161\u00edme sa na va\u0161u \u00fa\u010das\u0165.<\/p>\n","protected":false},"excerpt":{"rendered":"<p>Srde\u010dne poz\u00fdvyme v\u0161etk\u00fdch \u0161vaj\u010diarskych Slov\u00e1kov na p\u00fa\u0165 k Sedembolestnej Panne M\u00e1rii do op\u00e1tstva Einsiedeln, ktor\u00e1 sa uskuto\u010dn\u00ed u\u017e t\u00fato nede\u013eu 6. septembra. Sv. om\u0161a spojen\u00e1 s vysluhovan\u00edm sviatosti birmovania sa za\u010dne o 12:30 hod.&#46;&#46;&#46;<\/p>\n","protected":false},"author":1,"featured_media":14378,"comment_status":"closed","ping_status":"closed","sticky":false,"template":"","format":"standard","meta":{"ngg_post_thumbnail":0},"categories":[1],"tags":[],"_links":{"self":[{"href":"https:\/\/www.skmisia.ch\/index.php?rest_route=\/wp\/v2\/posts\/16444"}],"collection":[{"href":"https:\/\/www.skmisia.ch\/index.php?rest_route=\/wp\/v2\/posts"}],"about":[{"href":"https:\/\/www.skmisia.ch\/index.php?rest_route=\/wp\/v2\/types\/post"}],"author":[{"embeddable":true,"href":"https:\/\/www.skmisia.ch\/index.php?rest_route=\/wp\/v2\/users\/1"}],"replies":[{"embeddable":true,"href":"https:\/\/www.skmisia.ch\/index.php?rest_route=%2Fwp%2Fv2%2Fcomments&post=16444"}],"version-history":[{"count":1,"href":"https:\/\/www.skmisia.ch\/index.php?rest_route=\/wp\/v2\/posts\/16444\/revisions"}],"predecessor-version":[{"id":16445,"href":"https:\/\/www.skmisia.ch\/index.php?rest_route=\/wp\/v2\/posts\/16444\/revisions\/16445"}],"wp:featuredmedia":[{"embeddable":true,"href":"https:\/\/www.skmisia.ch\/index.php?rest_route=\/wp\/v2\/media\/14378"}],"wp:attachment":[{"href":"https:\/\/www.skmisia.ch\/index.php?rest_route=%2Fwp%2Fv2%2Fmedia&parent=16444"}],"wp:term":[{"taxonomy":"category","embeddable":true,"href":"https:\/\/www.skmisia.ch\/index.php?rest_route=%2Fwp%2Fv2%2Fcategories&post=16444"},{"taxonomy":"post_tag","embeddable":true,"href":"https:\/\/www.skmisia.ch\/index.php?rest_route=%2Fwp%2Fv2%2Ftags&post=16444"}],"curies":[{"name":"wp","href":"https:\/\/api.w.org\/{rel}","templated":true}]}}