{"id":16306,"date":"2026-03-15T12:02:46","date_gmt":"2026-03-15T11:02:46","guid":{"rendered":"https:\/\/www.skmisia.ch\/?p=16306"},"modified":"2026-03-15T12:21:39","modified_gmt":"2026-03-15T11:21:39","slug":"zh-krizova-cesta-pre-rodiny-s-detmi","status":"publish","type":"post","link":"https:\/\/www.skmisia.ch\/?p=16306","title":{"rendered":"ZH: Kr\u00ed\u017eov\u00e1 cesta pre rodiny s de\u0165mi"},"content":{"rendered":"<p>Kr\u00ed\u017eov\u00e1 cesta pre rodiny s de\u0165mi a priate\u013eov sa uskuto\u010dn\u00ed <strong>v sobotu<br>\n28. marca o 10:30 hod.<\/strong> na tradi\u010dnom mieste v lese nad<br>\nSpreitenbachom pri <strong>Waldh\u00fctte Remetschwil<\/strong>.<\/p>\n<p>Po kr\u00ed\u017eovej ceste bude opeka\u010dka pri ohnisku. Prineste si nie\u010do na<br>\nopekanie a nie\u010do na posilnenie (pre drobcov :o)<\/p>\n<p>V pr\u00edpadne nepriazniv\u00e9ho po\u010dasia si pros\u00edm potvr\u010f\u0165e (ne)konanie<br>\nakcie v online- kalend\u00e1ri SKM. H\u013ead\u00e1me e\u0161te ochotn\u00e9ho gitaristu, v<br>\npr\u00edpade z\u00e1ujmu sa pros\u00edm prihl\u00e1ste sa u Evy PZ.<\/p>\n<p>Mo\u017enosti pr\u00edchodu:<\/p>\n<ol>\n<li>Heitersbergstrasse, 8957 Spreitenbach na parkovisku, potom<br>\nkr\u00e1tky presun k miestu kr\u00ed\u017eovej cesty (detaily na mape):<br>\nParkplatz Chalet Heitersberg Ristorante, Heitersbergstr 9, 8957<br>\nSpreitenbach <a href=\"https:\/\/goo.gl\/maps\/Ka9Eh6fKmPgyHkff7\">https:\/\/goo.gl\/maps\/Ka9Eh6fKmPgyHkff7<\/a><br>\nALEBO<\/li>\n<li>o 10:30 priamo pri Waldh\u00fctte Remetschwil, kde je za\u010diatok kr\u00ed\u017eovej<br>\ncesty, aj ohnisko:<br>\nWaldh\u00fctte Remetschwil <a href=\"https:\/\/goo.gl\/maps\/Rpj5jLUqfmWTHTLU6\">https:\/\/goo.gl\/maps\/Rpj5jLUqfmWTHTLU6<\/a><\/li>\n<\/ol>\n<p>Info: Eva Pova\u017eanov\u00e1, 078 6116892 a Milan Bedn\u00e1r, 079 540 59 44<\/p>\n\n\n<figure class=\"wp-block-image size-full\"><a href=\"https:\/\/www.skmisia.ch\/wp-content\/uploads\/2026\/03\/krizovacesta1.jpg\"><img decoding=\"async\" loading=\"lazy\" width=\"1024\" height=\"590\" src=\"https:\/\/www.skmisia.ch\/wp-content\/uploads\/2026\/03\/krizovacesta1.jpg\" alt=\"\" class=\"wp-image-16310\" srcset=\"https:\/\/www.skmisia.ch\/wp-content\/uploads\/2026\/03\/krizovacesta1.jpg 1024w, https:\/\/www.skmisia.ch\/wp-content\/uploads\/2026\/03\/krizovacesta1-300x173.jpg 300w, https:\/\/www.skmisia.ch\/wp-content\/uploads\/2026\/03\/krizovacesta1-768x443.jpg 768w\" sizes=\"(max-width: 1024px) 100vw, 1024px\" \/><\/a><\/figure>\n\n\n\n<p><\/p>\n\n\n\n<p><\/p>\n\n\n\n<p><\/p>\n\n\n\n<figure class=\"wp-block-image size-full\"><a href=\"https:\/\/www.skmisia.ch\/wp-content\/uploads\/2026\/03\/krizovacesta2.jpg\"><img decoding=\"async\" loading=\"lazy\" width=\"1024\" height=\"584\" src=\"https:\/\/www.skmisia.ch\/wp-content\/uploads\/2026\/03\/krizovacesta2.jpg\" alt=\"\" class=\"wp-image-16311\" srcset=\"https:\/\/www.skmisia.ch\/wp-content\/uploads\/2026\/03\/krizovacesta2.jpg 1024w, https:\/\/www.skmisia.ch\/wp-content\/uploads\/2026\/03\/krizovacesta2-300x171.jpg 300w, https:\/\/www.skmisia.ch\/wp-content\/uploads\/2026\/03\/krizovacesta2-768x438.jpg 768w\" sizes=\"(max-width: 1024px) 100vw, 1024px\" \/><\/a><\/figure>\n\n\n\n<p><\/p>\n\n\n\n<p><\/p>\n\n\n\n<p><\/p>\n\n\n\n<p><\/p>\n\n\n\n<figure class=\"wp-block-image size-full is-resized\"><a href=\"https:\/\/www.skmisia.ch\/wp-content\/uploads\/2026\/03\/krizovacesta3.jpg\"><img decoding=\"async\" loading=\"lazy\" src=\"https:\/\/www.skmisia.ch\/wp-content\/uploads\/2026\/03\/krizovacesta3.jpg\" alt=\"\" class=\"wp-image-16312\" width=\"771\" height=\"496\" srcset=\"https:\/\/www.skmisia.ch\/wp-content\/uploads\/2026\/03\/krizovacesta3.jpg 1024w, https:\/\/www.skmisia.ch\/wp-content\/uploads\/2026\/03\/krizovacesta3-300x193.jpg 300w, https:\/\/www.skmisia.ch\/wp-content\/uploads\/2026\/03\/krizovacesta3-768x494.jpg 768w\" sizes=\"(max-width: 771px) 100vw, 771px\" \/><\/a><\/figure>\n","protected":false},"excerpt":{"rendered":"<p>Kr\u00ed\u017eov\u00e1 cesta pre rodiny s de\u0165mi a priate\u013eov sa uskuto\u010dn\u00ed v sobotu 28. marca o 10:30 hod. na tradi\u010dnom mieste v lese nad Spreitenbachom pri Waldh\u00fctte Remetschwil. Po kr\u00ed\u017eovej ceste bude opeka\u010dka pri ohnisku.&#46;&#46;&#46;<\/p>\n","protected":false},"author":1,"featured_media":16309,"comment_status":"closed","ping_status":"closed","sticky":false,"template":"","format":"standard","meta":{"ngg_post_thumbnail":0},"categories":[26,1],"tags":[],"_links":{"self":[{"href":"https:\/\/www.skmisia.ch\/index.php?rest_route=\/wp\/v2\/posts\/16306"}],"collection":[{"href":"https:\/\/www.skmisia.ch\/index.php?rest_route=\/wp\/v2\/posts"}],"about":[{"href":"https:\/\/www.skmisia.ch\/index.php?rest_route=\/wp\/v2\/types\/post"}],"author":[{"embeddable":true,"href":"https:\/\/www.skmisia.ch\/index.php?rest_route=\/wp\/v2\/users\/1"}],"replies":[{"embeddable":true,"href":"https:\/\/www.skmisia.ch\/index.php?rest_route=%2Fwp%2Fv2%2Fcomments&post=16306"}],"version-history":[{"count":7,"href":"https:\/\/www.skmisia.ch\/index.php?rest_route=\/wp\/v2\/posts\/16306\/revisions"}],"predecessor-version":[{"id":16318,"href":"https:\/\/www.skmisia.ch\/index.php?rest_route=\/wp\/v2\/posts\/16306\/revisions\/16318"}],"wp:featuredmedia":[{"embeddable":true,"href":"https:\/\/www.skmisia.ch\/index.php?rest_route=\/wp\/v2\/media\/16309"}],"wp:attachment":[{"href":"https:\/\/www.skmisia.ch\/index.php?rest_route=%2Fwp%2Fv2%2Fmedia&parent=16306"}],"wp:term":[{"taxonomy":"category","embeddable":true,"href":"https:\/\/www.skmisia.ch\/index.php?rest_route=%2Fwp%2Fv2%2Fcategories&post=16306"},{"taxonomy":"post_tag","embeddable":true,"href":"https:\/\/www.skmisia.ch\/index.php?rest_route=%2Fwp%2Fv2%2Ftags&post=16306"}],"curies":[{"name":"wp","href":"https:\/\/api.w.org\/{rel}","templated":true}]}}