{"id":16285,"date":"2026-03-12T10:34:22","date_gmt":"2026-03-12T09:34:22","guid":{"rendered":"https:\/\/www.skmisia.ch\/?p=16285"},"modified":"2026-03-12T10:34:23","modified_gmt":"2026-03-12T09:34:23","slug":"krizova-cesta-vo-freiburgu","status":"publish","type":"post","link":"https:\/\/www.skmisia.ch\/?p=16285","title":{"rendered":"Kr\u00ed\u017eov\u00e1 cesta vo Freiburgu"},"content":{"rendered":"<p>Ak chcete spozna\u0165 miesto, kde s\u00eddli n\u00e1\u0161 mision\u00e1r, srde\u010dne v\u00e1s poz\u00fdvame na kr\u00ed\u017eov\u00fa cestu s bratom Jozefom a jeho reho\u013enou komunitou, ktor\u00e1 sa uskuto\u010dn\u00ed v piatok 20. marca v Kostole Sv\u00e4t\u00e9ho kr\u00ed\u017ea (Franziskanerkirche\/\u00e9glise des Cordeliers) vo Freiburgu.<\/p>\n<p>Podujatie sa za\u010dne p\u00f4stnou polievkou o 18:00 hod. Pobo\u017enos\u0165 kr\u00ed\u017eovej cesty sa za\u010dne o 19:00 hod., medit\u00e1cie odznej\u00fa v nemeckom jazyku. Slovensk\u00ed rod\u00e1ci s\u00fa pozvan\u00ed zapoji\u0165 sa do hudobnej a liturgickej anim\u00e1cie. Kv\u00f4li pr\u00edprave polievky pros\u00edme, aby ste svoj z\u00e1ujem o \u00fa\u010das\u0165 nahl\u00e1sili otcovi Jozefovi.<\/p>\n","protected":false},"excerpt":{"rendered":"<p>Ak chcete spozna\u0165 miesto, kde s\u00eddli n\u00e1\u0161 mision\u00e1r, srde\u010dne v\u00e1s poz\u00fdvame na kr\u00ed\u017eov\u00fa cestu s bratom Jozefom a jeho reho\u013enou komunitou, ktor\u00e1 sa uskuto\u010dn\u00ed v piatok 20. marca v Kostole Sv\u00e4t\u00e9ho kr\u00ed\u017ea (Franziskanerkirche\/\u00e9glise des&#46;&#46;&#46;<\/p>\n","protected":false},"author":1,"featured_media":16286,"comment_status":"closed","ping_status":"closed","sticky":false,"template":"","format":"standard","meta":{"ngg_post_thumbnail":0},"categories":[1],"tags":[],"_links":{"self":[{"href":"https:\/\/www.skmisia.ch\/index.php?rest_route=\/wp\/v2\/posts\/16285"}],"collection":[{"href":"https:\/\/www.skmisia.ch\/index.php?rest_route=\/wp\/v2\/posts"}],"about":[{"href":"https:\/\/www.skmisia.ch\/index.php?rest_route=\/wp\/v2\/types\/post"}],"author":[{"embeddable":true,"href":"https:\/\/www.skmisia.ch\/index.php?rest_route=\/wp\/v2\/users\/1"}],"replies":[{"embeddable":true,"href":"https:\/\/www.skmisia.ch\/index.php?rest_route=%2Fwp%2Fv2%2Fcomments&post=16285"}],"version-history":[{"count":1,"href":"https:\/\/www.skmisia.ch\/index.php?rest_route=\/wp\/v2\/posts\/16285\/revisions"}],"predecessor-version":[{"id":16287,"href":"https:\/\/www.skmisia.ch\/index.php?rest_route=\/wp\/v2\/posts\/16285\/revisions\/16287"}],"wp:featuredmedia":[{"embeddable":true,"href":"https:\/\/www.skmisia.ch\/index.php?rest_route=\/wp\/v2\/media\/16286"}],"wp:attachment":[{"href":"https:\/\/www.skmisia.ch\/index.php?rest_route=%2Fwp%2Fv2%2Fmedia&parent=16285"}],"wp:term":[{"taxonomy":"category","embeddable":true,"href":"https:\/\/www.skmisia.ch\/index.php?rest_route=%2Fwp%2Fv2%2Fcategories&post=16285"},{"taxonomy":"post_tag","embeddable":true,"href":"https:\/\/www.skmisia.ch\/index.php?rest_route=%2Fwp%2Fv2%2Ftags&post=16285"}],"curies":[{"name":"wp","href":"https:\/\/api.w.org\/{rel}","templated":true}]}}