{"id":16060,"date":"2025-10-18T19:44:31","date_gmt":"2025-10-18T17:44:31","guid":{"rendered":"https:\/\/www.skmisia.ch\/?p=16060"},"modified":"2025-10-18T19:49:27","modified_gmt":"2025-10-18T17:49:27","slug":"mame-noveho-biskupa","status":"publish","type":"post","link":"https:\/\/www.skmisia.ch\/?p=16060","title":{"rendered":"Otec Pavol prijal biskupsk\u00fa vysviacku"},"content":{"rendered":"<p>Mil\u00fd n\u00e1\u0161 Otec Pavol,<\/p>\n<p>pri pr\u00edle\u017eitosti vz\u00e1cneho d\u0148a Tvojej vysviacky za biskupa Ordinari\u00e1tu Ozbrojen\u00fdch s\u00edl a ozbrojen\u00fdch zborov SR Ti srde\u010dne blaho\u017eel\u00e1me.<\/p>\n<p>Te\u0161\u00edme sa, \u017ee si \u0164a P\u00e1n Boh spomedzi mnoh\u00fdch vybral pre t\u00fato zodpovedn\u00fa slu\u017ebu a na\u0161iel tu vo \u0160vaj\u010diarsku.<br \/>\nPrajeme Ti, aby si viedol a posil\u0148oval cirkevn\u00fa komunitu s l\u00e1skou, rozvahou a m\u00fadros\u0165ou. Nech \u0164a vedie Duch Sv\u00e4t\u00fd, aby si bol vern\u00fdm ohlasovate\u013eom evanjelia, pastierom, o ktor\u00e9ho sa m\u00f4\u017eu oprie\u0165 a pomyseln\u00fdm rebr\u00edkom, cez ktor\u00fd zost\u00fapi z neba po\u017eehnanie na Tvojich veriacich.<\/p>\n<p>S \u00factou a l\u00e1skou veriaci zo SKM vo \u0160vaj\u010diarsku<\/p>\n","protected":false},"excerpt":{"rendered":"<p>Mil\u00fd n\u00e1\u0161 Otec Pavol, pri pr\u00edle\u017eitosti vz\u00e1cneho d\u0148a Tvojej vysviacky za biskupa Ordinari\u00e1tu Ozbrojen\u00fdch s\u00edl a ozbrojen\u00fdch zborov SR Ti srde\u010dne blaho\u017eel\u00e1me. Te\u0161\u00edme sa, \u017ee si \u0164a P\u00e1n Boh spomedzi mnoh\u00fdch vybral pre t\u00fato&#46;&#46;&#46;<\/p>\n","protected":false},"author":1,"featured_media":16063,"comment_status":"closed","ping_status":"closed","sticky":false,"template":"","format":"standard","meta":{"ngg_post_thumbnail":0},"categories":[1],"tags":[],"_links":{"self":[{"href":"https:\/\/www.skmisia.ch\/index.php?rest_route=\/wp\/v2\/posts\/16060"}],"collection":[{"href":"https:\/\/www.skmisia.ch\/index.php?rest_route=\/wp\/v2\/posts"}],"about":[{"href":"https:\/\/www.skmisia.ch\/index.php?rest_route=\/wp\/v2\/types\/post"}],"author":[{"embeddable":true,"href":"https:\/\/www.skmisia.ch\/index.php?rest_route=\/wp\/v2\/users\/1"}],"replies":[{"embeddable":true,"href":"https:\/\/www.skmisia.ch\/index.php?rest_route=%2Fwp%2Fv2%2Fcomments&post=16060"}],"version-history":[{"count":2,"href":"https:\/\/www.skmisia.ch\/index.php?rest_route=\/wp\/v2\/posts\/16060\/revisions"}],"predecessor-version":[{"id":16065,"href":"https:\/\/www.skmisia.ch\/index.php?rest_route=\/wp\/v2\/posts\/16060\/revisions\/16065"}],"wp:featuredmedia":[{"embeddable":true,"href":"https:\/\/www.skmisia.ch\/index.php?rest_route=\/wp\/v2\/media\/16063"}],"wp:attachment":[{"href":"https:\/\/www.skmisia.ch\/index.php?rest_route=%2Fwp%2Fv2%2Fmedia&parent=16060"}],"wp:term":[{"taxonomy":"category","embeddable":true,"href":"https:\/\/www.skmisia.ch\/index.php?rest_route=%2Fwp%2Fv2%2Fcategories&post=16060"},{"taxonomy":"post_tag","embeddable":true,"href":"https:\/\/www.skmisia.ch\/index.php?rest_route=%2Fwp%2Fv2%2Ftags&post=16060"}],"curies":[{"name":"wp","href":"https:\/\/api.w.org\/{rel}","templated":true}]}}