{"id":15720,"date":"2025-04-24T18:04:53","date_gmt":"2025-04-24T16:04:53","guid":{"rendered":"https:\/\/www.skmisia.ch\/?p=15720"},"modified":"2025-11-03T21:28:35","modified_gmt":"2025-11-03T20:28:35","slug":"bohosluzby-pocas-vikendu-26-27-aprila-nie-su","status":"publish","type":"post","link":"https:\/\/www.skmisia.ch\/?p=15720","title":{"rendered":"Bohoslu\u017eby po\u010das v\u00edkendu 26. &#8211; 27. apr\u00edla nie s\u00fa"},"content":{"rendered":"\n<p>Po zv\u00e1\u017een\u00ed v\u0161etk\u00fdch faktorov som sa rozhodol, \u017ee najbli\u017e\u0161\u00ed v\u00edkend (26.4. a 27.4.) e\u0161te nebudem verejne sl\u00e1vi\u0165 sv. om\u0161u. Pros\u00edm, z\u00fa\u010dastnite sa na sv. om\u0161iach v miestnych farnostiach.<\/p>\n\n\n\n<p><\/p>\n","protected":false},"excerpt":{"rendered":"<p>Po zv\u00e1\u017een\u00ed v\u0161etk\u00fdch faktorov som sa rozhodol, \u017ee najbli\u017e\u0161\u00ed v\u00edkend (26.4. a 27.4.) e\u0161te nebudem verejne sl\u00e1vi\u0165 sv. om\u0161u. Pros\u00edm, z\u00fa\u010dastnite sa na sv. om\u0161iach v miestnych farnostiach.<\/p>\n","protected":false},"author":3,"featured_media":15178,"comment_status":"closed","ping_status":"closed","sticky":false,"template":"","format":"standard","meta":{"ngg_post_thumbnail":0},"categories":[24,1],"tags":[],"_links":{"self":[{"href":"https:\/\/www.skmisia.ch\/index.php?rest_route=\/wp\/v2\/posts\/15720"}],"collection":[{"href":"https:\/\/www.skmisia.ch\/index.php?rest_route=\/wp\/v2\/posts"}],"about":[{"href":"https:\/\/www.skmisia.ch\/index.php?rest_route=\/wp\/v2\/types\/post"}],"author":[{"embeddable":true,"href":"https:\/\/www.skmisia.ch\/index.php?rest_route=\/wp\/v2\/users\/3"}],"replies":[{"embeddable":true,"href":"https:\/\/www.skmisia.ch\/index.php?rest_route=%2Fwp%2Fv2%2Fcomments&post=15720"}],"version-history":[{"count":1,"href":"https:\/\/www.skmisia.ch\/index.php?rest_route=\/wp\/v2\/posts\/15720\/revisions"}],"predecessor-version":[{"id":15721,"href":"https:\/\/www.skmisia.ch\/index.php?rest_route=\/wp\/v2\/posts\/15720\/revisions\/15721"}],"wp:featuredmedia":[{"embeddable":true,"href":"https:\/\/www.skmisia.ch\/index.php?rest_route=\/wp\/v2\/media\/15178"}],"wp:attachment":[{"href":"https:\/\/www.skmisia.ch\/index.php?rest_route=%2Fwp%2Fv2%2Fmedia&parent=15720"}],"wp:term":[{"taxonomy":"category","embeddable":true,"href":"https:\/\/www.skmisia.ch\/index.php?rest_route=%2Fwp%2Fv2%2Fcategories&post=15720"},{"taxonomy":"post_tag","embeddable":true,"href":"https:\/\/www.skmisia.ch\/index.php?rest_route=%2Fwp%2Fv2%2Ftags&post=15720"}],"curies":[{"name":"wp","href":"https:\/\/api.w.org\/{rel}","templated":true}]}}