{"id":15559,"date":"2025-01-26T14:42:04","date_gmt":"2025-01-26T13:42:04","guid":{"rendered":"https:\/\/www.skmisia.ch\/?p=15559"},"modified":"2025-11-03T21:28:36","modified_gmt":"2025-11-03T20:28:36","slug":"modlime-sa-za-domovinu","status":"publish","type":"post","link":"https:\/\/www.skmisia.ch\/?p=15559","title":{"rendered":"Modlime sa za domovinu"},"content":{"rendered":"\n<p>Nikomu asi nie je \u013eahostajn\u00e9, ke\u010f sa st\u00e1va svedkom  polariz\u00e1cie \u013eudu vo svojej vlasti. Ako kres\u0165ania nem\u00e1me st\u00e1\u0165 bokom, preto navrhujem, aby sme sa modlili za svoju vlas\u0165. Kto sa chce prida\u0165 k spolo\u010denstvu, m\u00f4\u017ee tak urobi\u0165 ka\u017ed\u00fd de\u0148 o 21. hodine. T\u00e1to iniciat\u00edva nie je agit\u00e1cia za niekoho, ani boj proti niekomu, je za  to, aby sme aj s r\u00f4znymi n\u00e1zormi mysleli na jednotu Ducha vo zv\u00e4zku pokoja. <\/p>\n\n\n\n<p>&nbsp;<strong>V\u0161emoh\u00faci Bo\u017ee, s obdivuhodnou m\u00fadros\u0165ou riadi\u0161 cel\u00fd svet; vr\u00facne \u0165a pros\u00edme za na\u0161u vlas\u0165; daruj prav\u00fa m\u00fadros\u0165 t\u00fdm, \u010do n\u00e1s z\u00e1konite spravuj\u00fa, a v\u0161etk\u00fdm ob\u010danom svedomitos\u0165 a stato\u010dnos\u0165, aby sa medzi nami upev\u0148ovala svornos\u0165 a spravodlivos\u0165 a vl\u00e1dol trval\u00fd pokoj a \u0161\u0165astie. Skrze Krista, n\u00e1\u0161ho P\u00e1na. Amen.<\/strong><\/p>\n","protected":false},"excerpt":{"rendered":"<p>Nikomu asi nie je \u013eahostajn\u00e9, ke\u010f sa st\u00e1va svedkom polariz\u00e1cie \u013eudu vo svojej vlasti. Ako kres\u0165ania nem\u00e1me st\u00e1\u0165 bokom, preto navrhujem, aby sme sa modlili za svoju vlas\u0165. Kto sa chce prida\u0165 k spolo\u010denstvu,&#46;&#46;&#46;<\/p>\n","protected":false},"author":3,"featured_media":15573,"comment_status":"closed","ping_status":"closed","sticky":false,"template":"","format":"standard","meta":{"ngg_post_thumbnail":0},"categories":[24,1],"tags":[],"_links":{"self":[{"href":"https:\/\/www.skmisia.ch\/index.php?rest_route=\/wp\/v2\/posts\/15559"}],"collection":[{"href":"https:\/\/www.skmisia.ch\/index.php?rest_route=\/wp\/v2\/posts"}],"about":[{"href":"https:\/\/www.skmisia.ch\/index.php?rest_route=\/wp\/v2\/types\/post"}],"author":[{"embeddable":true,"href":"https:\/\/www.skmisia.ch\/index.php?rest_route=\/wp\/v2\/users\/3"}],"replies":[{"embeddable":true,"href":"https:\/\/www.skmisia.ch\/index.php?rest_route=%2Fwp%2Fv2%2Fcomments&post=15559"}],"version-history":[{"count":2,"href":"https:\/\/www.skmisia.ch\/index.php?rest_route=\/wp\/v2\/posts\/15559\/revisions"}],"predecessor-version":[{"id":15569,"href":"https:\/\/www.skmisia.ch\/index.php?rest_route=\/wp\/v2\/posts\/15559\/revisions\/15569"}],"wp:featuredmedia":[{"embeddable":true,"href":"https:\/\/www.skmisia.ch\/index.php?rest_route=\/wp\/v2\/media\/15573"}],"wp:attachment":[{"href":"https:\/\/www.skmisia.ch\/index.php?rest_route=%2Fwp%2Fv2%2Fmedia&parent=15559"}],"wp:term":[{"taxonomy":"category","embeddable":true,"href":"https:\/\/www.skmisia.ch\/index.php?rest_route=%2Fwp%2Fv2%2Fcategories&post=15559"},{"taxonomy":"post_tag","embeddable":true,"href":"https:\/\/www.skmisia.ch\/index.php?rest_route=%2Fwp%2Fv2%2Ftags&post=15559"}],"curies":[{"name":"wp","href":"https:\/\/api.w.org\/{rel}","templated":true}]}}