{"id":1546,"date":"2014-07-01T15:51:51","date_gmt":"2014-07-01T14:51:51","guid":{"rendered":"https:\/\/www.skmisia.ch\/?p=1546"},"modified":"2019-04-08T21:09:17","modified_gmt":"2019-04-08T20:09:17","slug":"co-sme-si-odniesli-z-navstevy-klastora-ingenbohl","status":"publish","type":"post","link":"https:\/\/www.skmisia.ch\/?p=1546","title":{"rendered":"\u010co sme si odniesli z n\u00e1v\u0161tevy kl\u00e1\u0161tora Ingenbohl?"},"content":{"rendered":"<p>&nbsp;<\/p>\n\n\t\t<style>\n\t\t\t#gallery-1 {\n\t\t\t\tmargin: auto;\n\t\t\t}\n\t\t\t#gallery-1 .gallery-item {\n\t\t\t\tfloat: left;\n\t\t\t\tmargin-top: 10px;\n\t\t\t\ttext-align: center;\n\t\t\t\twidth: 33%;\n\t\t\t}\n\t\t\t#gallery-1 img {\n\t\t\t\tborder: 2px solid #cfcfcf;\n\t\t\t}\n\t\t\t#gallery-1 .gallery-caption {\n\t\t\t\tmargin-left: 0;\n\t\t\t}\n\t\t\t\/* see gallery_shortcode() in wp-includes\/media.php *\/\n\t\t<\/style>\n\t\t<div id='gallery-1' class='gallery galleryid-1546 gallery-columns-3 gallery-size-thumbnail'><dl class='gallery-item'>\n\t\t\t<dt class='gallery-icon landscape'>\n\t\t\t\t<img width=\"150\" height=\"150\" src=\"https:\/\/www.skmisia.ch\/wp-content\/uploads\/2014\/07\/Foto-02-150x150.jpg\" class=\"attachment-thumbnail size-thumbnail\" alt=\"Kl\u00e1\u0161torn\u00e1 kaviare\u0148\" decoding=\"async\" loading=\"lazy\" aria-describedby=\"gallery-1-1549\" srcset=\"https:\/\/www.skmisia.ch\/wp-content\/uploads\/2014\/07\/Foto-02-150x150.jpg 150w, https:\/\/www.skmisia.ch\/wp-content\/uploads\/2014\/07\/Foto-02-160x160.jpg 160w\" sizes=\"(max-width: 150px) 100vw, 150px\" \/>\n\t\t\t<\/dt>\n\t\t\t\t<dd class='wp-caption-text gallery-caption' id='gallery-1-1549'>\n\t\t\t\t\u00davod v kl\u00e1\u0161tornej jed\u00e1lni\n\t\t\t\t<\/dd><\/dl><dl class='gallery-item'>\n\t\t\t<dt class='gallery-icon landscape'>\n\t\t\t\t<img width=\"150\" height=\"150\" src=\"https:\/\/www.skmisia.ch\/wp-content\/uploads\/2014\/07\/Foto-01-150x150.jpg\" class=\"attachment-thumbnail size-thumbnail\" alt=\"Kl\u00e1\u0161torn\u00e1 kaviare\u0148\" decoding=\"async\" loading=\"lazy\" aria-describedby=\"gallery-1-1548\" srcset=\"https:\/\/www.skmisia.ch\/wp-content\/uploads\/2014\/07\/Foto-01-150x150.jpg 150w, https:\/\/www.skmisia.ch\/wp-content\/uploads\/2014\/07\/Foto-01-160x160.jpg 160w\" sizes=\"(max-width: 150px) 100vw, 150px\" \/>\n\t\t\t<\/dt>\n\t\t\t\t<dd class='wp-caption-text gallery-caption' id='gallery-1-1548'>\n\t\t\t\tV kl\u00e1\u0161tornej kaviarni\n\t\t\t\t<\/dd><\/dl><dl class='gallery-item'>\n\t\t\t<dt class='gallery-icon portrait'>\n\t\t\t\t<img width=\"150\" height=\"150\" src=\"https:\/\/www.skmisia.ch\/wp-content\/uploads\/2014\/07\/Foto-03-150x150.jpg\" class=\"attachment-thumbnail size-thumbnail\" alt=\"Kaplnka\" decoding=\"async\" loading=\"lazy\" aria-describedby=\"gallery-1-1550\" srcset=\"https:\/\/www.skmisia.ch\/wp-content\/uploads\/2014\/07\/Foto-03-150x150.jpg 150w, https:\/\/www.skmisia.ch\/wp-content\/uploads\/2014\/07\/Foto-03-160x160.jpg 160w\" sizes=\"(max-width: 150px) 100vw, 150px\" \/>\n\t\t\t<\/dt>\n\t\t\t\t<dd class='wp-caption-text gallery-caption' id='gallery-1-1550'>\n\t\t\t\tKaplnka\n\t\t\t\t<\/dd><\/dl><br style=\"clear: both\" \/><dl class='gallery-item'>\n\t\t\t<dt class='gallery-icon landscape'>\n\t\t\t\t<img width=\"150\" height=\"150\" src=\"https:\/\/www.skmisia.ch\/wp-content\/uploads\/2014\/07\/Foto-4-150x150.jpg\" class=\"attachment-thumbnail size-thumbnail\" alt=\"Pri milostivom mieste- hrobka zakladate\u013eky\" decoding=\"async\" loading=\"lazy\" aria-describedby=\"gallery-1-1552\" srcset=\"https:\/\/www.skmisia.ch\/wp-content\/uploads\/2014\/07\/Foto-4-150x150.jpg 150w, https:\/\/www.skmisia.ch\/wp-content\/uploads\/2014\/07\/Foto-4-160x160.jpg 160w\" sizes=\"(max-width: 150px) 100vw, 150px\" \/>\n\t\t\t<\/dt>\n\t\t\t\t<dd class='wp-caption-text gallery-caption' id='gallery-1-1552'>\n\t\t\t\tMilostiv\u00e9 miesto- hrobka zakladate\u013eky\n\t\t\t\t<\/dd><\/dl><dl class='gallery-item'>\n\t\t\t<dt class='gallery-icon landscape'>\n\t\t\t\t<img width=\"150\" height=\"150\" src=\"https:\/\/www.skmisia.ch\/wp-content\/uploads\/2014\/07\/Foto-04-150x150.jpg\" class=\"attachment-thumbnail size-thumbnail\" alt=\"Cintor\u00edn sestier\" decoding=\"async\" loading=\"lazy\" aria-describedby=\"gallery-1-1551\" srcset=\"https:\/\/www.skmisia.ch\/wp-content\/uploads\/2014\/07\/Foto-04-150x150.jpg 150w, https:\/\/www.skmisia.ch\/wp-content\/uploads\/2014\/07\/Foto-04-160x160.jpg 160w\" sizes=\"(max-width: 150px) 100vw, 150px\" \/>\n\t\t\t<\/dt>\n\t\t\t\t<dd class='wp-caption-text gallery-caption' id='gallery-1-1551'>\n\t\t\t\tCintor\u00edn sestier\n\t\t\t\t<\/dd><\/dl><dl class='gallery-item'>\n\t\t\t<dt class='gallery-icon portrait'>\n\t\t\t\t<img width=\"150\" height=\"150\" src=\"https:\/\/www.skmisia.ch\/wp-content\/uploads\/2014\/07\/Foto-05-150x150.jpg\" class=\"attachment-thumbnail size-thumbnail\" alt=\"Cintor\u00edn sestier\" decoding=\"async\" loading=\"lazy\" aria-describedby=\"gallery-1-1553\" srcset=\"https:\/\/www.skmisia.ch\/wp-content\/uploads\/2014\/07\/Foto-05-150x150.jpg 150w, https:\/\/www.skmisia.ch\/wp-content\/uploads\/2014\/07\/Foto-05-160x160.jpg 160w\" sizes=\"(max-width: 150px) 100vw, 150px\" \/>\n\t\t\t<\/dt>\n\t\t\t\t<dd class='wp-caption-text gallery-caption' id='gallery-1-1553'>\n\t\t\t\tCintor\u00edn sestier\n\t\t\t\t<\/dd><\/dl><br style=\"clear: both\" \/><dl class='gallery-item'>\n\t\t\t<dt class='gallery-icon landscape'>\n\t\t\t\t<img width=\"150\" height=\"150\" src=\"https:\/\/www.skmisia.ch\/wp-content\/uploads\/2014\/07\/Foto-7-150x150.jpg\" class=\"attachment-thumbnail size-thumbnail\" alt=\"Cintor\u00edn sestier\" decoding=\"async\" loading=\"lazy\" aria-describedby=\"gallery-1-1555\" srcset=\"https:\/\/www.skmisia.ch\/wp-content\/uploads\/2014\/07\/Foto-7-150x150.jpg 150w, https:\/\/www.skmisia.ch\/wp-content\/uploads\/2014\/07\/Foto-7-160x160.jpg 160w\" sizes=\"(max-width: 150px) 100vw, 150px\" \/>\n\t\t\t<\/dt>\n\t\t\t\t<dd class='wp-caption-text gallery-caption' id='gallery-1-1555'>\n\t\t\t\tCintor\u00edn sestier\n\t\t\t\t<\/dd><\/dl><dl class='gallery-item'>\n\t\t\t<dt class='gallery-icon landscape'>\n\t\t\t\t<img width=\"150\" height=\"150\" src=\"https:\/\/www.skmisia.ch\/wp-content\/uploads\/2014\/07\/Foto-8-150x150.jpg\" class=\"attachment-thumbnail size-thumbnail\" alt=\"Pri hrobe slovensk\u00fdch sestier\" decoding=\"async\" loading=\"lazy\" aria-describedby=\"gallery-1-1556\" srcset=\"https:\/\/www.skmisia.ch\/wp-content\/uploads\/2014\/07\/Foto-8-150x150.jpg 150w, https:\/\/www.skmisia.ch\/wp-content\/uploads\/2014\/07\/Foto-8-300x300.jpg 300w, https:\/\/www.skmisia.ch\/wp-content\/uploads\/2014\/07\/Foto-8-1024x1024.jpg 1024w, https:\/\/www.skmisia.ch\/wp-content\/uploads\/2014\/07\/Foto-8-160x160.jpg 160w, https:\/\/www.skmisia.ch\/wp-content\/uploads\/2014\/07\/Foto-8.jpg 1280w\" sizes=\"(max-width: 150px) 100vw, 150px\" \/>\n\t\t\t<\/dt>\n\t\t\t\t<dd class='wp-caption-text gallery-caption' id='gallery-1-1556'>\n\t\t\t\tPri hroboch slovensk\u00fdch sestier\n\t\t\t\t<\/dd><\/dl><dl class='gallery-item'>\n\t\t\t<dt class='gallery-icon portrait'>\n\t\t\t\t<img width=\"150\" height=\"150\" src=\"https:\/\/www.skmisia.ch\/wp-content\/uploads\/2014\/07\/Foto-9-150x150.jpg\" class=\"attachment-thumbnail size-thumbnail\" alt=\"\" decoding=\"async\" loading=\"lazy\" srcset=\"https:\/\/www.skmisia.ch\/wp-content\/uploads\/2014\/07\/Foto-9-150x150.jpg 150w, https:\/\/www.skmisia.ch\/wp-content\/uploads\/2014\/07\/Foto-9-160x160.jpg 160w\" sizes=\"(max-width: 150px) 100vw, 150px\" \/>\n\t\t\t<\/dt><\/dl><br style=\"clear: both\" \/><dl class='gallery-item'>\n\t\t\t<dt class='gallery-icon portrait'>\n\t\t\t\t<img width=\"150\" height=\"150\" src=\"https:\/\/www.skmisia.ch\/wp-content\/uploads\/2014\/07\/Foto-10-150x150.jpg\" class=\"attachment-thumbnail size-thumbnail\" alt=\"Lurdsk\u00e1 jasky\u0148ka\" decoding=\"async\" loading=\"lazy\" aria-describedby=\"gallery-1-1558\" srcset=\"https:\/\/www.skmisia.ch\/wp-content\/uploads\/2014\/07\/Foto-10-150x150.jpg 150w, https:\/\/www.skmisia.ch\/wp-content\/uploads\/2014\/07\/Foto-10-160x160.jpg 160w\" sizes=\"(max-width: 150px) 100vw, 150px\" \/>\n\t\t\t<\/dt>\n\t\t\t\t<dd class='wp-caption-text gallery-caption' id='gallery-1-1558'>\n\t\t\t\tLurdsk\u00e1 jasky\u0148ka\n\t\t\t\t<\/dd><\/dl><dl class='gallery-item'>\n\t\t\t<dt class='gallery-icon landscape'>\n\t\t\t\t<img width=\"150\" height=\"150\" src=\"https:\/\/www.skmisia.ch\/wp-content\/uploads\/2014\/07\/Foto-6-150x150.jpg\" class=\"attachment-thumbnail size-thumbnail\" alt=\"\" decoding=\"async\" loading=\"lazy\" aria-describedby=\"gallery-1-1554\" srcset=\"https:\/\/www.skmisia.ch\/wp-content\/uploads\/2014\/07\/Foto-6-150x150.jpg 150w, https:\/\/www.skmisia.ch\/wp-content\/uploads\/2014\/07\/Foto-6-160x160.jpg 160w\" sizes=\"(max-width: 150px) 100vw, 150px\" \/>\n\t\t\t<\/dt>\n\t\t\t\t<dd class='wp-caption-text gallery-caption' id='gallery-1-1554'>\n\t\t\t\tLurdsk\u00e1 jasky\u0148ka\n\t\t\t\t<\/dd><\/dl><dl class='gallery-item'>\n\t\t\t<dt class='gallery-icon portrait'>\n\t\t\t\t<img width=\"150\" height=\"150\" src=\"https:\/\/www.skmisia.ch\/wp-content\/uploads\/2014\/07\/Foto-11-150x150.jpg\" class=\"attachment-thumbnail size-thumbnail\" alt=\"Agape v komunitnej jed\u00e1lni\" decoding=\"async\" loading=\"lazy\" aria-describedby=\"gallery-1-1559\" srcset=\"https:\/\/www.skmisia.ch\/wp-content\/uploads\/2014\/07\/Foto-11-150x150.jpg 150w, https:\/\/www.skmisia.ch\/wp-content\/uploads\/2014\/07\/Foto-11-160x160.jpg 160w\" sizes=\"(max-width: 150px) 100vw, 150px\" \/>\n\t\t\t<\/dt>\n\t\t\t\t<dd class='wp-caption-text gallery-caption' id='gallery-1-1559'>\n\t\t\t\tAgape v komunitnej jed\u00e1lni\n\t\t\t\t<\/dd><\/dl><br style=\"clear: both\" \/><dl class='gallery-item'>\n\t\t\t<dt class='gallery-icon landscape'>\n\t\t\t\t<img width=\"150\" height=\"150\" src=\"https:\/\/www.skmisia.ch\/wp-content\/uploads\/2014\/07\/Foto-13-150x150.jpg\" class=\"attachment-thumbnail size-thumbnail\" alt=\"Agape v komunitnej jed\u00e1lni s gener\u00e1lnou predstavenou\" decoding=\"async\" loading=\"lazy\" aria-describedby=\"gallery-1-1547\" srcset=\"https:\/\/www.skmisia.ch\/wp-content\/uploads\/2014\/07\/Foto-13-150x150.jpg 150w, https:\/\/www.skmisia.ch\/wp-content\/uploads\/2014\/07\/Foto-13-160x160.jpg 160w\" sizes=\"(max-width: 150px) 100vw, 150px\" \/>\n\t\t\t<\/dt>\n\t\t\t\t<dd class='wp-caption-text gallery-caption' id='gallery-1-1547'>\n\t\t\t\tAgape v komunitnej jed\u00e1lni\n\t\t\t\t<\/dd><\/dl><dl class='gallery-item'>\n\t\t\t<dt class='gallery-icon landscape'>\n\t\t\t\t<img width=\"150\" height=\"150\" src=\"https:\/\/www.skmisia.ch\/wp-content\/uploads\/2014\/07\/Foto-12-150x150.jpg\" class=\"attachment-thumbnail size-thumbnail\" alt=\"Agape v komunitnej jed\u00e1lni\" decoding=\"async\" loading=\"lazy\" aria-describedby=\"gallery-1-1560\" srcset=\"https:\/\/www.skmisia.ch\/wp-content\/uploads\/2014\/07\/Foto-12-150x150.jpg 150w, https:\/\/www.skmisia.ch\/wp-content\/uploads\/2014\/07\/Foto-12-160x160.jpg 160w\" sizes=\"(max-width: 150px) 100vw, 150px\" \/>\n\t\t\t<\/dt>\n\t\t\t\t<dd class='wp-caption-text gallery-caption' id='gallery-1-1560'>\n\t\t\t\tAgape v komunitnej jed\u00e1lni\n\t\t\t\t<\/dd><\/dl>\n\t\t\t<br style='clear: both' \/>\n\t\t<\/div>\n\n<p><span style=\"line-height: 1.5em;\">Op\u00edsa\u0165 a zhrn\u00fa\u0165 mnoh\u00e9 dojmy, ktor\u00e9 sme si odniesli\u00a0 z n\u00e1v\u0161tevy kl\u00e1\u0161tora Ingenbohl, nie je \u013eahk\u00e9 vlo\u017ei\u0165 do textu\u00a0 \u010dl\u00e1nku. Pred organiz\u00e1ciou tohto podujatia sme netu\u0161ili, \u010d\u00edm budeme obdaren\u00ed .\u00a0<\/span><\/p>\n<p>Troji\u010dn\u00e1 nede\u013ea, 15. J\u00fana 2014 n\u00e1m zostane v pam\u00e4ti na miesto, kde sa pr\u00edle\u017eitostne ka\u017ed\u00fd jeden z n\u00e1s\u00a0 m\u00f4\u017ee pod\u013ea potreby kedyko\u013evek vr\u00e1ti\u0165.<\/p>\n<p>Po sv\u00e4tej om\u0161i v Z\u00fcrichu s otcom Pavlom sme sa najsk\u00f4r vo farskej s\u00e1le Liebfrauen posilnili k\u00e1vou a tradi\u010dn\u00fdmi gipfeli.\u00a0 Do Brunnenu sa v\u0161etci \u00fa\u010dastn\u00edci dostavili\u00a0 bez probl\u00e9mov , na\u010das a v dobrej n\u00e1lade.<\/p>\n<p>So sestri\u010dkou Jaroslavou Kotu\u013e\u00e1kovou sme \u010dasto komunikovali, pripravovali n\u00e1v\u0161tevu, ale nemali pr\u00edle\u017eitos\u0165 sa stretn\u00fa\u0165.Nev\u00edtalo n\u00e1s slnie\u010dko, ale kr\u00e1tko pred stanoven\u00fdm \u010dasom n\u00e1v\u0161tevy vy\u0161la z kl\u00e1\u0161tora \u0161\u0165astn\u00e1, usmiata sestri\u010dka Jaroslava, ktorej identitu som hne\u010f spoznala. N\u00e1sledne sa s ka\u017ed\u00fdm srde\u010dne priv\u00edtala, predstavila a takmer\u00a0 nesta\u010dila odpoveda\u0165 na mnoh\u00e9 zauj\u00edmav\u00e9 ot\u00e1zky.<\/p>\n<p>V Ko\u0161iciach ukon\u010dila technick\u00fa univerzitu. Po\u010das \u0161t\u00fadia\u00a0 sa v tajnosti pripravovala na cestu, ktor\u00fa ani rodi\u010dia nepoznali. Viacer\u00ed vynikaj\u00faci k\u0148azi ju pripravovali na\u00a0 nov\u00e9 povolanie, ke\u010f\u017ee jej Boh vlo\u017eil do srdca semienko\u00a0 t\u00fa\u017eby po reho\u013enom \u017eivote.\u00a0\u00a0 V roku 1988 prijala reho\u013en\u00e9 s\u013euby a v novom \u0161ate sa predstavila rodi\u010dom 4 det\u00ed &#8211; 3 synovia a jedin\u00e1 dc\u00e9ra a\u017e po ne\u017enej revol\u00facii v roku 1990. Na Slovensku p\u00f4sobila od roku 1990 v K\u0148azskom semin\u00e1ri biskupa J\u00e1na Vojta\u0161\u0161\u00e1ka v Spi\u0161skej Kapitule a potom od roku 1996 bola asistentkou Slovenskej provincie Milosrdn\u00fdch sestier sv\u00e4t\u00e9ho Kr\u00ed\u017ea.<\/p>\n<p>Na Gener\u00e1lnej Kapitule\u00a0 Kongreg\u00e1cie milosrdn\u00fdch sestier\u00a0 sv. Kr\u00ed\u017ea\u00a0 v roku 2002 bola zvolen\u00e1 za gener\u00e1lnu ekon\u00f3mku. T\u00e1to pr\u00e1ca na Gener\u00e1late si vy\u017eaduje\u00a0 znalos\u0165\u00a0 re\u010d\u00ed, preto\u00a0 po pr\u00edchode do Ingenbohlu bola\u00a0 vyslan\u00e1 na 3 mesiace na \u0161tudijn\u00fd pobyt angli\u010dtiny do Anglicka a nato nasledoval 3 mesa\u010dn\u00fd pobyt v Kon\u0161tanci s mo\u017enos\u0165ou v\u00fdu\u010dby nem\u010diny. Od roku 2005 p\u00f4sob\u00ed v Ingebohle ako gener\u00e1lna ekon\u00f3mka. V jej \u017eivote viackr\u00e1t za\u017eila pomoc Bo\u017eiu a modlitba, medit\u00e1cia s\u00fa jej siln\u00fdm prostriedkom na ceste \u017eivota.<\/p>\n<p>Na za\u010diatok prehliadky sme sa 20 min\u00fatov\u00fdm filmom\u00a0 obozn\u00e1mili s\u00a0 my\u0161lienkou , p\u00f4vodom a\u00a0 potrebou zalo\u017eenia In\u0161tit\u00fatu milosrdn\u00fdch\u00a0 sestier sv\u00e4t\u00e9ho kr\u00ed\u017ea.\u00a0 Jeho historick\u00fdm\u00a0 v\u00fdvojom a\u017e po dnes n\u00e1m umo\u017enil spozna\u0165 ve\u013ekos\u0165 duchovnej hodnoty vo \u0160vaj\u010diarsku, vo svete, ale i u n\u00e1s na Slovensku.\u00a0 \u0160vaj\u010diarsko na za\u010diatku 19. storo\u010dia\u00a0 dobre poznalo chudobu, nepokoje,\u00a0 ne\u013eahk\u00e9 existen\u010dn\u00e9 podmienky n\u00e1sledkom ne\u013eudsk\u00fdch pracovn\u00fdch podmienok vo fabrik\u00e1ch a \u0165a\u017ek\u00fdm\u00a0 \u017eivotom\u00a0 v horsk\u00fdch oblastiach.\u00a0 P\u00e1ter Teodozius Florentini z M\u00fcnstertal\u00a0 dobre poznal biedu na \u0161kol\u00e1ch a probl\u00e9m vtedaj\u0161ej doby . V jeho kazate\u013eskej \u010dinnosti apeloval na n\u00e1sledky materializmu, na rozdielne spolo\u010densk\u00e9 vrstvy obyvate\u013estva a na cirkev. Od nej po\u017eadoval v\u00e4\u010d\u0161ie soci\u00e1lne zm\u00fd\u0161\u013eanie a r\u00fdchle konanie. Na jeho podnet\u00a0 bola v roku 1844 zalo\u017een\u00e1 Kongreg\u00e1cia sestier sv\u00e4t\u00e9ho Kr\u00ed\u017ea v Menzingene. Jej z\u00e1kladn\u00fdm cie\u013eom bolo umo\u017eni\u0165 diev\u010dat\u00e1m vzdelanie , vies\u0165 ich k hum\u00e1nnej \u010dinnosti, nau\u010di\u0165 ich z\u00e1kladom\u00a0 pedagogiky a pastora\u010dnej slu\u017eby. Pre p\u00e1tra Teodozia Florentiniho bola \u201ePo\u017eiadavka \u010dasu Bo\u017eia v\u00f4\u013ea\u201c.\u00a0 Mal otvoren\u00e9, kontemplat\u00edvne srdce a v\u0161ade chcel zmierni\u0165 \u013eudsk\u00fa biedu. C\u00edtil, \u017ee je treba pom\u00f4c\u0165 aj v soci\u00e1lnej oblasti, chor\u00fdm, star\u00fdm, opusten\u00fdm, a tak zalo\u017eil aj druh\u00fa vetvu sestier pod n\u00e1zvom Milosrdn\u00e9 sestry sv\u00e4t\u00e9ho Kr\u00ed\u017ea. Ve\u013ea mlad\u00fdch diev\u010dat sa za\u010dalo formova\u0165, h\u013eadali miesto na p\u00f4sobenie a zlep\u0161enie ich \u017eivotn\u00fdch potrieb.\u00a0 Ke\u010f h\u013eadal miesto pre sestry, k\u00fapil len s p\u00e4\u0165 frankami vo vrecku\u00a0 star\u00fd sedliacky dvor\u00a0 \/ Nigg\u2018schen Hof, \/ na v\u0155\u0161ku v Ingebohle.\u00a0\u00a0 V roku 1856 sa stal Ingebohl nov\u00fdm domovom\u00a0 Kongreg\u00e1cie a o rok nato\u00a0 bola prvou gener\u00e1lnou predstavenou Matka\u00a0 M\u00e1ria Theresia Scherer. V za\u010diato\u010dnom \u0161t\u00e1diu sestry nemali na \u010dom spa\u0165, boli ve\u013emi chudobn\u00e9.\u00a0 Mottom ich predstavenej bolo : kde je chudoba, tam je rados\u0165.<\/p>\n<p>E\u0161te i dnes sa vo \u0160vaj\u010diarsku s \u00factou a v\u010fakou spom\u00edna na Menzinger a Ingebohler\u00a0 Schwestern. Samotn\u00e1 bet\u00f3nov\u00e1 budova kl\u00e1\u0161tora p\u00f4sob\u00ed chladne, ale peniaze na omietku sa pou\u017eili na misie, ktor\u00e9 nutne potrebovali finan\u010dn\u00fa podporu.<\/p>\n<p>Prehliadka kl\u00e1\u0161tora pokra\u010dovala n\u00e1v\u0161tevou krypty blahoslavenej Matky M\u00e1rie Theresie Scherer. Jej telesn\u00e9 pozostatky nie s\u00fa umiestnen\u00e9 v strede krypty, \u010do vysvet\u013euje jej\u00a0 pon\u00ed\u017eenos\u0165 vo\u010di Ukri\u017eovan\u00e9mu Kristovi . On je stredom posv\u00e4tn\u00e9ho priestoru tak, ako bol\u00a0 du\u0161evn\u00fdm centrom\u00a0 v jej\u00a0 reho\u013enom \u017eivote. Krypta je\u00a0 miestom, ktor\u00e9 poz\u00fdva na medit\u00e1ciu, modlitbu a polo\u017eenie listov\u00fdch prosieb na\u00a0 hrob blahoslavenej.\u00a0 Tu prich\u00e1dzaj\u00fa mnoh\u00ed p\u00fatnici s naliehav\u00fdmi prosbami, s h\u013eadan\u00edm pomoci, alebo s \u010fakovan\u00edm. Tri sestry z rehole u\u017e vyhl\u00e1sila Cirkev za blahoslaven\u00e9: v roku 1987 sestru Ulriku Nisch z Hegne (Nemecko), v roku 1995 spoluzakladate\u013eku Matku M\u00e1riu Ter\u00e9ziu Scherer\u00a0 z Meggen (\u0160vaj\u010diarsko) <b>a v roku 2003 na\u0161u Slovenku sestru Zdenku Schelingov\u00fa z Krivej na Orave.<\/b><\/p>\n<p><b>\u00a0<\/b>Kl\u00e1\u0161torn\u00fd kostol nap\u013a\u0148a mnoho symbolick\u00fdch prvkov. M\u00e1 ve\u013emi jednoduch\u00fa, ale fascinuj\u00facu\u00a0 architekt\u00faru, stavan\u00fa na z\u00e1kladoch franti\u0161k\u00e1nskej spirituality.\u00a0 Samotn\u00e1 stavba pozost\u00e1va pribli\u017ene z 20 000 tehli\u010diek predstavuj\u00facich pribli\u017en\u00fd po\u010det sestier na celom svete a je\u00a0 bez vonkaj\u0161\u00edch okien.\u00a0 Svetlo prich\u00e1dza zhora a jeho farebnos\u0165 tvoria nama\u013eovan\u00e9 dreven\u00e9 steny ve\u013ek\u00e9ho okna.<\/p>\n<p>V programe prehliadky sme pokra\u010dovali n\u00e1v\u0161tevou upraven\u00e9ho cintor\u00edna. Tri svie\u010dky sme zap\u00e1lili na hroboch sestry Leoncie Drgo\u0148ovej, sestry Bohumily Hederovej a sestry Archangely Leckej.\u00a0 Po mnoh\u00fdch dojmoch n\u00e1m zachutil ve\u013ek\u00fd zmrzlinov\u00fd poh\u00e1r, ktor\u00fd pre n\u00e1s v\u0161etk\u00fdch objednala sestri\u010dka Jaroslava. Rados\u0165 sme poc\u00edtili n\u00e1v\u0161tevou Matky predstavenej sestry Marije Brizar a sestry Lucily Zovak, gener\u00e1lnej radkyne z Chorv\u00e1tska. Obe sa s nami rozpr\u00e1vali po slovensky\u00a0 a sa te\u0161ili zo stretnutia.<\/p>\n<p>Na z\u00e1ver\u00a0 odpoludnia sme sa v krypte s otcom Pavlom pomodlili Korunku , lit\u00e1nie k Najsv\u00e4tej\u0161iemu Srdcu Je\u017ei\u0161ovmu a zaspievali za doprovodu hudobnej skupiny mlad\u00fdch z Z\u00fcrichu zop\u00e1r duchovn\u00fdch piesn\u00ed. Za v\u0161etko darovan\u00e9 sa chceme na\u0161ej sestri\u010dke Jaroslave Kotu\u013e\u00e1kovej po\u010fakova\u0165 a popria\u0165 jej\u00a0 na u\u0161\u013eachtilej ceste priaze\u0148 a mnoho Bo\u017eieho milosrdenstva.<\/p>\n<p>Marta van Ooijen &#8211; \u0160uvadov\u00e1 a\u00a0Sestra\u00a0Jaroslava Kotu\u013e\u00e1kov\u00e1.<\/p>\n","protected":false},"excerpt":{"rendered":"<p>&nbsp; Op\u00edsa\u0165 a zhrn\u00fa\u0165 mnoh\u00e9 dojmy, ktor\u00e9 sme si odniesli\u00a0 z n\u00e1v\u0161tevy kl\u00e1\u0161tora Ingenbohl, nie je \u013eahk\u00e9 vlo\u017ei\u0165 do textu\u00a0 \u010dl\u00e1nku. Pred organiz\u00e1ciou tohto podujatia sme netu\u0161ili, \u010d\u00edm budeme obdaren\u00ed .\u00a0 Troji\u010dn\u00e1 nede\u013ea, 15.&#46;&#46;&#46;<\/p>\n","protected":false},"author":3,"featured_media":1550,"comment_status":"open","ping_status":"closed","sticky":false,"template":"","format":"gallery","meta":{"ngg_post_thumbnail":0},"categories":[24,1],"tags":[],"_links":{"self":[{"href":"https:\/\/www.skmisia.ch\/index.php?rest_route=\/wp\/v2\/posts\/1546"}],"collection":[{"href":"https:\/\/www.skmisia.ch\/index.php?rest_route=\/wp\/v2\/posts"}],"about":[{"href":"https:\/\/www.skmisia.ch\/index.php?rest_route=\/wp\/v2\/types\/post"}],"author":[{"embeddable":true,"href":"https:\/\/www.skmisia.ch\/index.php?rest_route=\/wp\/v2\/users\/3"}],"replies":[{"embeddable":true,"href":"https:\/\/www.skmisia.ch\/index.php?rest_route=%2Fwp%2Fv2%2Fcomments&post=1546"}],"version-history":[{"count":5,"href":"https:\/\/www.skmisia.ch\/index.php?rest_route=\/wp\/v2\/posts\/1546\/revisions"}],"predecessor-version":[{"id":1565,"href":"https:\/\/www.skmisia.ch\/index.php?rest_route=\/wp\/v2\/posts\/1546\/revisions\/1565"}],"wp:featuredmedia":[{"embeddable":true,"href":"https:\/\/www.skmisia.ch\/index.php?rest_route=\/wp\/v2\/media\/1550"}],"wp:attachment":[{"href":"https:\/\/www.skmisia.ch\/index.php?rest_route=%2Fwp%2Fv2%2Fmedia&parent=1546"}],"wp:term":[{"taxonomy":"category","embeddable":true,"href":"https:\/\/www.skmisia.ch\/index.php?rest_route=%2Fwp%2Fv2%2Fcategories&post=1546"},{"taxonomy":"post_tag","embeddable":true,"href":"https:\/\/www.skmisia.ch\/index.php?rest_route=%2Fwp%2Fv2%2Ftags&post=1546"}],"curies":[{"name":"wp","href":"https:\/\/api.w.org\/{rel}","templated":true}]}}