{"id":1541,"date":"2014-06-27T10:19:04","date_gmt":"2014-06-27T09:19:04","guid":{"rendered":"https:\/\/www.skmisia.ch\/?p=1541"},"modified":"2019-04-08T21:09:17","modified_gmt":"2019-04-08T20:09:17","slug":"oznamy-na-slavnost-sv-petra-a-pavla-apostolov","status":"publish","type":"post","link":"https:\/\/www.skmisia.ch\/?p=1541","title":{"rendered":"Oznamy na Sl\u00e1vnos\u0165 sv. Petra a Pavla, apo\u0161tolov"},"content":{"rendered":"<p align=\"center\"><b>SLOVENSK<\/b><b>\u00c1 KATOL\u00cdCKA MISIA, BRAUERSTRA<\/b><b>SSe<\/b><b>\u00a0<\/b><b>99; 8004 Z\u00dcRICH<\/b><b><\/b><\/p>\n<p align=\"center\"><b>T\/F: 0041 44 241 50 22<\/b><b><\/b><\/p>\n<div align=\"center\">\n<hr align=\"center\" size=\"2\" width=\"100%\" \/>\n<\/div>\n<p>Oznamy na Sl\u00e1vnos\u0165 sv. Petra a Pavla, apo\u0161tolov.<\/p>\n<p>Liturgick\u00fd kalend\u00e1r:<\/p>\n<p>V stredu je sviatok N\u00e1v\u0161tevy Panny M\u00e1rie. (Levo\u010dsk\u00e1 p\u00fa\u0165)<\/p>\n<p>Vo \u0161tvrtok je sviatok sv. Tom\u00e1\u0161a, apo\u0161tola.<\/p>\n<p>V piatok je 1. piatok v mesiaci.<\/p>\n<p>V sobotu je sl\u00e1vnos\u0165 sv. Cyrila a Metoda, Slovansk\u00fdch vierozvestcov.<\/p>\n<p>Bud\u00faca nede\u013eu je 14. nede\u013ea v obdob\u00ed cez rok.<\/p>\n<p>&nbsp;<\/p>\n<p>&nbsp;<\/p>\n<p>Program sv. om\u0161\u00ed po\u010das t\u00fd\u017ed\u0148a:<\/p>\n<p>Streda <b>ml\u00e1de\u017en\u00edcka sv. om\u0161a o 20:00<\/b> na Talianskej misii. Stretnutie spevokolu je \u00bd hodinku pred sv. om\u0161ou. Po sv. om\u0161i je mo\u017enos\u0165 rozpt\u00fdlenia a\u00a0rozhovorov s\u00a0salezi\u00e1nskom centre.<\/p>\n<p>Upozor\u0148ujem, \u017ee je to posledn\u00e1 sv. om\u0161a v\u00a0tomto \u0161kolskom roku. V mesiaci j\u00fal \u2013\u00a0august sa vynech\u00e1vaj\u00fa piatkov\u00e9 stretnutia a\u00a0sv\u00e4t\u00e9 om\u0161e v stredu! Najbli\u017e\u0161ia stredaj\u0161ia sv. om\u0161a bude 27. Augusta.<\/p>\n<p>&nbsp;<\/p>\n<p>V piatok je <b>prv\u00fd piatok<\/b> v mesiaci. Spoveda\u0165 budem \u00bd hodinu pred sv. Om\u0161ou. Sv. om\u0161a bude o 20:00 v\u00fdnimo\u010dne <strong>v kostole sv. J\u00e1na Bosca na Talianskej Misii<\/strong> z d\u00f4vodu modlitbov\u00e9ho programu v krypre, ktor\u00e1 je v tom \u010dase obsaden\u00e1. Po sv. om\u0161i bude nasledova\u0165 prvopiatkov\u00e1 pobo\u017enos\u0165 po\u010das ktorej bude mo\u017enos\u0165 sv. spoved\u00ed.<\/p>\n<p>1.\u00a0Deti a\u00a0dospel\u00fdch, ktor\u00ed maj\u00fa v\u00a0novom \u0161kolskom roku z\u00e1ujem o\u00a0pr\u00edpravu na krst, ISP, Birmovku, pros\u00edm, aby sa do <b>30. Augusta<\/b> prihl\u00e1sili na SKM s\u00a0vyplnenou prihl\u00e1\u0161kou. N\u00e1jdete ju na webe, alebo pri modlitebn\u00fdch kni\u017ek\u00e1ch.<\/p>\n<p>2. Deti ako obvykle poz\u00fdvame zosta\u0165 po sv. om\u0161i na posledn\u00fd n\u00e1cvik piesn\u00ed. Nabud\u00face a\u017e v novom \u0161kolskom roku. (l\u00edz.)<\/p>\n<p>3. Vo \u0161tvrtkok je \u0161portov\u00fd kr\u00fa\u017eok.<\/p>\n<p>4. Dnes po sv\u00e4tej om\u0161i je posedenie pri k\u00e1ve- ako obvykle v pastora\u010dn\u00fdch priestoroch oproti kostolu. V\u0161etci sme srde\u010dne pozvan\u00ed.<\/p>\n<p>5. Dnes po sv. om\u0161i bude stretnutie misijnej rady asi o\u00a011:00 v\u00a0spodnej u\u010debni.<\/p>\n","protected":false},"excerpt":{"rendered":"<p>SLOVENSK\u00c1 KATOL\u00cdCKA MISIA, BRAUERSTRASSe\u00a099; 8004 Z\u00dcRICH T\/F: 0041 44 241 50 22 Oznamy na Sl\u00e1vnos\u0165 sv. Petra a Pavla, apo\u0161tolov. Liturgick\u00fd kalend\u00e1r: V stredu je sviatok N\u00e1v\u0161tevy Panny M\u00e1rie. (Levo\u010dsk\u00e1 p\u00fa\u0165) Vo \u0161tvrtok je&#46;&#46;&#46;<\/p>\n","protected":false},"author":3,"featured_media":1545,"comment_status":"open","ping_status":"closed","sticky":false,"template":"","format":"standard","meta":{"ngg_post_thumbnail":0},"categories":[24,1],"tags":[],"_links":{"self":[{"href":"https:\/\/www.skmisia.ch\/index.php?rest_route=\/wp\/v2\/posts\/1541"}],"collection":[{"href":"https:\/\/www.skmisia.ch\/index.php?rest_route=\/wp\/v2\/posts"}],"about":[{"href":"https:\/\/www.skmisia.ch\/index.php?rest_route=\/wp\/v2\/types\/post"}],"author":[{"embeddable":true,"href":"https:\/\/www.skmisia.ch\/index.php?rest_route=\/wp\/v2\/users\/3"}],"replies":[{"embeddable":true,"href":"https:\/\/www.skmisia.ch\/index.php?rest_route=%2Fwp%2Fv2%2Fcomments&post=1541"}],"version-history":[{"count":2,"href":"https:\/\/www.skmisia.ch\/index.php?rest_route=\/wp\/v2\/posts\/1541\/revisions"}],"predecessor-version":[{"id":1544,"href":"https:\/\/www.skmisia.ch\/index.php?rest_route=\/wp\/v2\/posts\/1541\/revisions\/1544"}],"wp:featuredmedia":[{"embeddable":true,"href":"https:\/\/www.skmisia.ch\/index.php?rest_route=\/wp\/v2\/media\/1545"}],"wp:attachment":[{"href":"https:\/\/www.skmisia.ch\/index.php?rest_route=%2Fwp%2Fv2%2Fmedia&parent=1541"}],"wp:term":[{"taxonomy":"category","embeddable":true,"href":"https:\/\/www.skmisia.ch\/index.php?rest_route=%2Fwp%2Fv2%2Fcategories&post=1541"},{"taxonomy":"post_tag","embeddable":true,"href":"https:\/\/www.skmisia.ch\/index.php?rest_route=%2Fwp%2Fv2%2Ftags&post=1541"}],"curies":[{"name":"wp","href":"https:\/\/api.w.org\/{rel}","templated":true}]}}