{"id":15223,"date":"2024-08-23T20:16:35","date_gmt":"2024-08-23T18:16:35","guid":{"rendered":"https:\/\/www.skmisia.ch\/?p=15223"},"modified":"2025-11-03T21:28:37","modified_gmt":"2025-11-03T20:28:37","slug":"sv-omse-v-jednotlivych-mestach-od-septembra","status":"publish","type":"post","link":"https:\/\/www.skmisia.ch\/?p=15223","title":{"rendered":"Sv. om\u0161e v jednotliv\u00fdch mest\u00e1ch od septembra"},"content":{"rendered":"\n<p><strong>8. septembra <\/strong>sa v\u0161etci m\u00e1me mo\u017enos\u0165 stretn\u00fa\u0165 na p\u00fati v <strong>Einsiedeln<\/strong> so za\u010diatkom o 12:30 hod.<\/p>\n\n\n\n<p><strong>Basel<\/strong>: prv\u00e1 sv. om\u0161a po letn\u00fdch mesiacoch bude 15. septembra v rovnakom \u010dase ako doposia\u013e. Celebruje o. Franti\u0161ek.<\/p>\n\n\n\n<p><strong>Bern: <\/strong>prv\u00e1 sv. om\u0161a bude 31.8.2024, potom 14.9. v novom \u010dase o 18-tej hodine. Pozor: 28.9. je piata nede\u013ea, teda sv. om\u0161a nie je.<\/p>\n\n\n\n<p><strong>Lausanne:<\/strong> za\u010dneme spolo\u010dnou sv. om\u0161ou 13. 10. 24 v Nyon, kde budeme sl\u00e1vi\u0165 po\u010das mesiacov okt\u00f3ber-november spolu s komunitou zo \u017denevy dva razy do mesiaca, v\u017edy druh\u00fa a \u0161tvrt\u00fa nede\u013eu (teda: 13.10., 27.10., 10.11. a 24.11 2024) o 16:30 hod v kostole Notre Dame de l Immaculee Conception, Rue de la Colombiere 18, 1260 Nyon.<\/p>\n\n\n\n<p><strong>St. Gallen:<\/strong> od 7. 9. 2024 v\u017edy prv\u00fa sobotu v mesiaci (nez\u00e1visle od prv\u00e9ho piatku, \u010di prvej nedele) <strong>v zmenenom \u010dase o 17:00 hod <\/strong>! V sobotu 7.9. pr\u00edde na n\u00e1v\u0161tevu o. biskup Peter Be\u0148o, ktor\u00fd bude vo \u0160vaj\u010diarsku v\u010faka p\u00fati v Einsiedeln.<\/p>\n\n\n\n<p><strong>Z\u00fcrich:<\/strong> sv. om\u0161e pod\u013ea rozpisu, na prv\u00fd piatok 6.9. pr\u00edde o. biskup Peter Be\u0148o, ktor\u00fd sa stretne s birmovancami (sv. om\u0161a v riadnom \u010dase o 19:30, predt\u00fdm eucharistick\u00e1 poklona).<strong> Pozor: 15.9.<\/strong> nebude sv. om\u0161a v zvy\u010dajnom \u010dase, nako\u013eko popoludn\u00ed o 16:00 hod bude sv. om\u0161a pri pr\u00edle\u017eitosti nedele n\u00e1rodov v kostole Liebfrauen (hore) spolu s biskupom Jozefom M\u00e1riom. 29.9. je piata nede\u013ea v mesiaci, teda v s\u00falade so \u0161tvort\u00fd\u017ed\u0148ov\u00fdm cyklom sv. om\u0161a v slovenskom jazyku nebude.<\/p>\n\n\n\n<p><strong>\u017deneva:<\/strong> za\u010dneme na \u0161tvrt\u00fa nede\u013eu 22.9.24 o 16:30 v kostole St. Julien v Meyrin, potom spolu s komunitou z Lausanne po\u010das mesiacov okt\u00f3ber- november ka\u017ed\u00fa druh\u00fa nede\u013eu  (teda: 13.10., 27.10., 10.11. a 24.11 2024) o 16:30 hod v kostole Notre Dame de l Immaculee Conception, Rue de la Colombiere 18, 1260 Nyon.<\/p>\n","protected":false},"excerpt":{"rendered":"<p>8. septembra sa v\u0161etci m\u00e1me mo\u017enos\u0165 stretn\u00fa\u0165 na p\u00fati v Einsiedeln so za\u010diatkom o 12:30 hod. Basel: prv\u00e1 sv. om\u0161a po letn\u00fdch mesiacoch bude 15. septembra v rovnakom \u010dase ako doposia\u013e. Celebruje o. Franti\u0161ek.&#46;&#46;&#46;<\/p>\n","protected":false},"author":3,"featured_media":14398,"comment_status":"closed","ping_status":"closed","sticky":false,"template":"","format":"standard","meta":{"ngg_post_thumbnail":0},"categories":[24,1],"tags":[],"_links":{"self":[{"href":"https:\/\/www.skmisia.ch\/index.php?rest_route=\/wp\/v2\/posts\/15223"}],"collection":[{"href":"https:\/\/www.skmisia.ch\/index.php?rest_route=\/wp\/v2\/posts"}],"about":[{"href":"https:\/\/www.skmisia.ch\/index.php?rest_route=\/wp\/v2\/types\/post"}],"author":[{"embeddable":true,"href":"https:\/\/www.skmisia.ch\/index.php?rest_route=\/wp\/v2\/users\/3"}],"replies":[{"embeddable":true,"href":"https:\/\/www.skmisia.ch\/index.php?rest_route=%2Fwp%2Fv2%2Fcomments&post=15223"}],"version-history":[{"count":1,"href":"https:\/\/www.skmisia.ch\/index.php?rest_route=\/wp\/v2\/posts\/15223\/revisions"}],"predecessor-version":[{"id":15224,"href":"https:\/\/www.skmisia.ch\/index.php?rest_route=\/wp\/v2\/posts\/15223\/revisions\/15224"}],"wp:featuredmedia":[{"embeddable":true,"href":"https:\/\/www.skmisia.ch\/index.php?rest_route=\/wp\/v2\/media\/14398"}],"wp:attachment":[{"href":"https:\/\/www.skmisia.ch\/index.php?rest_route=%2Fwp%2Fv2%2Fmedia&parent=15223"}],"wp:term":[{"taxonomy":"category","embeddable":true,"href":"https:\/\/www.skmisia.ch\/index.php?rest_route=%2Fwp%2Fv2%2Fcategories&post=15223"},{"taxonomy":"post_tag","embeddable":true,"href":"https:\/\/www.skmisia.ch\/index.php?rest_route=%2Fwp%2Fv2%2Ftags&post=15223"}],"curies":[{"name":"wp","href":"https:\/\/api.w.org\/{rel}","templated":true}]}}