{"id":15203,"date":"2024-08-06T08:00:07","date_gmt":"2024-08-06T06:00:07","guid":{"rendered":"https:\/\/www.skmisia.ch\/?p=15203"},"modified":"2025-11-03T21:28:37","modified_gmt":"2025-11-03T20:28:37","slug":"odisiel-do-vecnosti","status":"publish","type":"post","link":"https:\/\/www.skmisia.ch\/?p=15203","title":{"rendered":"Odi\u0161iel do ve\u010dnosti"},"content":{"rendered":"\n<p>Od sm\u00fatiacej rodiny sme dostali spr\u00e1vu o odchode n\u00e1\u0161ho rod\u00e1ka a dlh\u00fd \u010das aj \u010dlena na\u0161ej misie:<\/p>\n\n\n\n<p>S tich\u00fdm sm\u00fatkom oznamujeme, \u017ee n\u00e1s naveky opustil<\/p>\n\n\n\n<p>&nbsp;&nbsp;&nbsp;&nbsp;&nbsp;&nbsp;&nbsp;&nbsp;&nbsp;&nbsp;&nbsp;&nbsp;&nbsp;&nbsp;&nbsp;&nbsp;&nbsp;&nbsp;&nbsp;&nbsp;&nbsp;&nbsp;&nbsp;&nbsp;&nbsp;&nbsp;&nbsp;&nbsp;&nbsp;&nbsp;&nbsp;&nbsp;&nbsp;&nbsp; <strong>MUDr. J\u00e1n Milan Bernadi\u010d-B\u00fcrki<\/strong><\/p>\n\n\n\n<p>&nbsp;&nbsp;&nbsp;&nbsp;&nbsp;&nbsp;&nbsp;&nbsp;&nbsp;&nbsp;&nbsp;&nbsp;&nbsp;&nbsp;&nbsp;&nbsp;&nbsp;&nbsp;&nbsp;&nbsp;&nbsp;&nbsp;&nbsp;&nbsp;&nbsp;&nbsp;&nbsp;&nbsp;&nbsp;&nbsp;&nbsp;&nbsp;&nbsp;&nbsp; 11. j\u00fal 1928\u201431. j\u00fal 2024<\/p>\n\n\n\n<p>Pohreb sa uskuto\u010dn\u00ed v stredu 7. augusta o 10.30 hod. na cintor\u00edne Meisenhard v Oltene. N\u00e1sledne sl\u00e1vime z\u00e1du\u0161n\u00fa sv\u00e4t\u00fa om\u0161u o 11.15 hod. v kapuc\u00ednskom kl\u00e1\u0161tore v Oltene.<\/p>\n\n\n\n<p>Kondolen\u010dn\u00e1 adresa: J\u00e1n Bernadi\u010d, Poststrasse 9, 8634 Hombrechtikon, Schweiz<\/p>\n","protected":false},"excerpt":{"rendered":"<p>Od sm\u00fatiacej rodiny sme dostali spr\u00e1vu o odchode n\u00e1\u0161ho rod\u00e1ka a dlh\u00fd \u010das aj \u010dlena na\u0161ej misie: S tich\u00fdm sm\u00fatkom oznamujeme, \u017ee n\u00e1s naveky opustil &nbsp;&nbsp;&nbsp;&nbsp;&nbsp;&nbsp;&nbsp;&nbsp;&nbsp;&nbsp;&nbsp;&nbsp;&nbsp;&nbsp;&nbsp;&nbsp;&nbsp;&nbsp;&nbsp;&nbsp;&nbsp;&nbsp;&nbsp;&nbsp;&nbsp;&nbsp;&nbsp;&nbsp;&nbsp;&nbsp;&nbsp;&nbsp;&nbsp;&nbsp; MUDr. J\u00e1n Milan Bernadi\u010d-B\u00fcrki &nbsp;&nbsp;&nbsp;&nbsp;&nbsp;&nbsp;&nbsp;&nbsp;&nbsp;&nbsp;&nbsp;&nbsp;&nbsp;&nbsp;&nbsp;&nbsp;&nbsp;&nbsp;&nbsp;&nbsp;&nbsp;&nbsp;&nbsp;&nbsp;&nbsp;&nbsp;&nbsp;&nbsp;&nbsp;&nbsp;&nbsp;&nbsp;&nbsp;&nbsp; 11. j\u00fal 1928\u201431.&#46;&#46;&#46;<\/p>\n","protected":false},"author":3,"featured_media":15205,"comment_status":"closed","ping_status":"closed","sticky":false,"template":"","format":"standard","meta":{"ngg_post_thumbnail":0},"categories":[24,1],"tags":[],"_links":{"self":[{"href":"https:\/\/www.skmisia.ch\/index.php?rest_route=\/wp\/v2\/posts\/15203"}],"collection":[{"href":"https:\/\/www.skmisia.ch\/index.php?rest_route=\/wp\/v2\/posts"}],"about":[{"href":"https:\/\/www.skmisia.ch\/index.php?rest_route=\/wp\/v2\/types\/post"}],"author":[{"embeddable":true,"href":"https:\/\/www.skmisia.ch\/index.php?rest_route=\/wp\/v2\/users\/3"}],"replies":[{"embeddable":true,"href":"https:\/\/www.skmisia.ch\/index.php?rest_route=%2Fwp%2Fv2%2Fcomments&post=15203"}],"version-history":[{"count":2,"href":"https:\/\/www.skmisia.ch\/index.php?rest_route=\/wp\/v2\/posts\/15203\/revisions"}],"predecessor-version":[{"id":15207,"href":"https:\/\/www.skmisia.ch\/index.php?rest_route=\/wp\/v2\/posts\/15203\/revisions\/15207"}],"wp:featuredmedia":[{"embeddable":true,"href":"https:\/\/www.skmisia.ch\/index.php?rest_route=\/wp\/v2\/media\/15205"}],"wp:attachment":[{"href":"https:\/\/www.skmisia.ch\/index.php?rest_route=%2Fwp%2Fv2%2Fmedia&parent=15203"}],"wp:term":[{"taxonomy":"category","embeddable":true,"href":"https:\/\/www.skmisia.ch\/index.php?rest_route=%2Fwp%2Fv2%2Fcategories&post=15203"},{"taxonomy":"post_tag","embeddable":true,"href":"https:\/\/www.skmisia.ch\/index.php?rest_route=%2Fwp%2Fv2%2Ftags&post=15203"}],"curies":[{"name":"wp","href":"https:\/\/api.w.org\/{rel}","templated":true}]}}