{"id":1497,"date":"2014-06-24T09:48:33","date_gmt":"2014-06-24T08:48:33","guid":{"rendered":"https:\/\/www.skmisia.ch\/?p=1497"},"modified":"2019-04-08T21:09:18","modified_gmt":"2019-04-08T20:09:18","slug":"slovenska-put-do-mariastein","status":"publish","type":"post","link":"https:\/\/www.skmisia.ch\/?p=1497","title":{"rendered":"V\u010faka M\u00e1rii za Mariastein"},"content":{"rendered":"<p>11. m\u00e1ja 2014 &#8211;<\/p>\n<h3><em><strong>Ke\u010f sa chce\u0161 vr\u00facne, v tichu a pokoji modli\u0165, cho\u010f do Mariasteinu.\u00a0<\/strong>Wenn du innig, in Stille und Ruhe beten willst, sollst du nach Mariastein gehen.<\/em><\/h3>\n<p>To je odpor\u00fa\u010danie \u0161vaj\u010diarskych katol\u00edkov, najm\u00e4 zo severoz\u00e1padnej \u010dasti krajiny. Mari\u00e1nska basilica minor poskytuje k tejto meditat\u00edvnej modlitbe ide\u00e1lne, skoro rodinn\u00e9, int\u00edmne prostredie. Slov\u00e1ci \u017eij\u00faci vo \u0160vaj\u010diarsku putovali od sam\u00e9ho za\u010diatku emigr\u00e1cie (1968) do Mariasteinu. Odpor\u00fa\u010dali sme seba i cel\u00fd slovensk\u00fd n\u00e1rod pod ochranu Matky bo\u017eej. Sved\u010dia o tom dve vot\u00edvne tabule (obr.1, 2). Prv\u00fa z nich inicioval n\u00e1\u0161 prv\u00fd slovensk\u00fd mision\u00e1r vo \u0160vaj\u010diarsku, legend\u00e1rny pater Pius Kriv\u00fd, OP (*1910 +1981). Druh\u00e1 vot\u00edvna tabu\u013ea bola realizovan\u00e1 na podnet n\u00e1\u0161ho druh\u00e9ho slovensk\u00e9ho mision\u00e1ra, don Luigiho Ondrejku, SDB (*1931). Tohoro\u010dn\u00e1 p\u00fa\u0165 sa za\u010dala o 12.30 h, tradi\u010dnou procesiou s kr\u00ed\u017eom a z\u00e1stavou, ktor\u00e9 niesli krojovane oble\u010den\u00ed mlad\u00e9 Slovenky a Slov\u00e1ci. Po\u010das spevu piesne: Cel\u00e1 kr\u00e1sna si M\u00e1ria, v Tebe \u0161kvrny nijakej niet, ktor\u00fa v\u00e4\u010d\u0161ina spievala spam\u00e4ti, sa zaplnili lavice (obr.3). Sl\u00e1vnos\u0165 sv. om\u0161e uviedol don Pavol Nizner, SDB, teraj\u0161\u00ed mision\u00e1r Slov\u00e1kov vo \u0160vaj\u010diarsku. Don Franti\u0161ek Pol\u00e1k, SDB, n\u00e1\u0161 mision\u00e1r emeritus, ktor\u00fd na p\u00fa\u0165 pri\u0161iel zo St.Cyre sur mer (F) predniesol kr\u00e1snu k\u00e1ze\u0148. Sv. om\u0161u koncelebrovali don Jozef Bago, SDB \u2013 n\u00e1\u0161 vern\u00fd, starostliv\u00fd duchovn\u00fd v Bazileji a don Anton\u00edn \u0160pa\u010dek, SDB, \u010desk\u00fd mision\u00e1r vo \u0160vaj\u010diarsku. Skupina mlad\u00fdch hudobn\u00edkov z Z\u00fcrichu (obr.4) vhodne prispeli modern\u00fdmi hudobn\u00fdmi n\u00e1strojami a ml\u00e1de\u017enick\u00fdmi pies\u0148ami ku skr\u00e1\u0161leniu bohoslu\u017eby. Po\u010das celej bohoslu\u017eby \u013eud spieval z cel\u00e9ho srdca zn\u00e1me slovensk\u00e9 cirkevn\u00e9 piesne, dobre vediac: Kto spieva, dvakr\u00e1t sa modl\u00ed. Na organe sprev\u00e1dzal p\u00edsaj\u00faci t\u00fdchto riadkov. Po bohoslu\u017ebe bol spolo\u010dn\u00fd obed v hoteli Kreuz, s priate\u013esk\u00fdm, krajansk\u00fdm stretnut\u00edm v kr\u00e1snom prostred\u00ed a uvo\u013enenej atmosf\u00e9re. V\u0161etk\u00fdm \u00fa\u010dastn\u00edkom a akt\u00e9rom vyslovujem v mene slovenskej katol\u00edckej misie v Bazileji: P\u00e1n Boh zapla\u0165 a ochranu Matky Bo\u017eej.<\/p>\n<p>Jozef Sopko<\/p>\n<p>&nbsp;<\/p>\n","protected":false},"excerpt":{"rendered":"<p>11. m\u00e1ja 2014 &#8211; Ke\u010f sa chce\u0161 vr\u00facne, v tichu a pokoji modli\u0165, cho\u010f do Mariasteinu.\u00a0Wenn du innig, in Stille und Ruhe beten willst, sollst du nach Mariastein gehen. To je odpor\u00fa\u010danie \u0161vaj\u010diarskych katol\u00edkov,&#46;&#46;&#46;<\/p>\n","protected":false},"author":3,"featured_media":1505,"comment_status":"open","ping_status":"closed","sticky":false,"template":"","format":"gallery","meta":{"ngg_post_thumbnail":0},"categories":[8,24,1],"tags":[],"_links":{"self":[{"href":"https:\/\/www.skmisia.ch\/index.php?rest_route=\/wp\/v2\/posts\/1497"}],"collection":[{"href":"https:\/\/www.skmisia.ch\/index.php?rest_route=\/wp\/v2\/posts"}],"about":[{"href":"https:\/\/www.skmisia.ch\/index.php?rest_route=\/wp\/v2\/types\/post"}],"author":[{"embeddable":true,"href":"https:\/\/www.skmisia.ch\/index.php?rest_route=\/wp\/v2\/users\/3"}],"replies":[{"embeddable":true,"href":"https:\/\/www.skmisia.ch\/index.php?rest_route=%2Fwp%2Fv2%2Fcomments&post=1497"}],"version-history":[{"count":5,"href":"https:\/\/www.skmisia.ch\/index.php?rest_route=\/wp\/v2\/posts\/1497\/revisions"}],"predecessor-version":[{"id":1512,"href":"https:\/\/www.skmisia.ch\/index.php?rest_route=\/wp\/v2\/posts\/1497\/revisions\/1512"}],"wp:featuredmedia":[{"embeddable":true,"href":"https:\/\/www.skmisia.ch\/index.php?rest_route=\/wp\/v2\/media\/1505"}],"wp:attachment":[{"href":"https:\/\/www.skmisia.ch\/index.php?rest_route=%2Fwp%2Fv2%2Fmedia&parent=1497"}],"wp:term":[{"taxonomy":"category","embeddable":true,"href":"https:\/\/www.skmisia.ch\/index.php?rest_route=%2Fwp%2Fv2%2Fcategories&post=1497"},{"taxonomy":"post_tag","embeddable":true,"href":"https:\/\/www.skmisia.ch\/index.php?rest_route=%2Fwp%2Fv2%2Ftags&post=1497"}],"curies":[{"name":"wp","href":"https:\/\/api.w.org\/{rel}","templated":true}]}}